{"id":671859,"date":"2025-06-17T00:00:45","date_gmt":"2025-06-17T06:00:45","guid":{"rendered":"https:\/\/www.diarioimagen.net\/?p=671859"},"modified":"2025-06-16T21:48:51","modified_gmt":"2025-06-17T03:48:51","slug":"estudiantes-mexiquenses-conquistan-colombia-con-proyectos-de-innovacion","status":"publish","type":"post","link":"https:\/\/www.diarioimagen.net\/?p=671859","title":{"rendered":"Estudiantes mexiquenses conquistan  Colombia con proyectos de innovaci\u00f3n  \u00a0"},"content":{"rendered":"<ul>\n<li><strong>En las \u00e1reas de educaci\u00f3n y medio ambiente<\/strong><\/li>\n<li><strong> J\u00f3venes de Acolman y Axapusco, primeros lugares en el XV Encuentro Latinoamericano de Investigaci\u00f3n <\/strong><\/li>\n<\/ul>\n<p>&nbsp;<\/p>\n<div id=\"attachment_671860\" style=\"width: 415px\" class=\"wp-caption alignnone\"><img loading=\"lazy\" decoding=\"async\" aria-describedby=\"caption-attachment-671860\" class=\"wp-image-671860 size-large\" src=\"https:\/\/www.diarioimagen.net\/wp-content\/uploads\/2025\/06\/EDOMEX1-ok-1-405x270.jpg\" alt=\"\" width=\"405\" height=\"270\" srcset=\"https:\/\/www.diarioimagen.net\/wp-content\/uploads\/2025\/06\/EDOMEX1-ok-1-405x270.jpg 405w, https:\/\/www.diarioimagen.net\/wp-content\/uploads\/2025\/06\/EDOMEX1-ok-1-240x160.jpg 240w, https:\/\/www.diarioimagen.net\/wp-content\/uploads\/2025\/06\/EDOMEX1-ok-1-768x511.jpg 768w, https:\/\/www.diarioimagen.net\/wp-content\/uploads\/2025\/06\/EDOMEX1-ok-1.jpg 1500w\" sizes=\"auto, (max-width: 405px) 100vw, 405px\" \/><p id=\"caption-attachment-671860\" class=\"wp-caption-text\">Santiago Mart\u00edn Mu\u00f1oz Jim\u00e9nez, estudiante de la Escuela Preparatoria Oficial N\u00fam. 107 de Acolman, obtuvo el primer lugar en el \u00c1rea de Ciencias Sociales y del Comportamiento (\u00c1mbito Educativo).<\/p><\/div>\n<p>&nbsp;<\/p>\n<p>Toluca, Estado de M\u00e9xico.\u2013 En un acto de orgullo y reconocimiento, la Secretar\u00eda de Educaci\u00f3n, Ciencia, Tecnolog\u00eda e Innovaci\u00f3n (SECTI) del Estado de M\u00e9xico celebr\u00f3 los logros de estudiantes de nivel medio superior que obtuvieron los primeros lugares en el XV Encuentro Latinoamericano de Grupos, Semilleros y L\u00edderes de Investigaci\u00f3n, realizado en Cartagena de Indias, Colombia.<\/p>\n<p>Los j\u00f3venes mexiquenses fueron galardonados por sus proyectos innovadores en las \u00e1reas de educaci\u00f3n y medio ambiente, reafirmando el compromiso de la Nueva Escuela Mexicana con una formaci\u00f3n acad\u00e9mica integral y de alcance internacional.<\/p>\n<p>Santiago Mart\u00edn Mu\u00f1oz Jim\u00e9nez, estudiante de la Escuela Preparatoria Oficial N\u00fam. 107 de Acolman, obtuvo el primer lugar en el \u00c1rea de Ciencias Sociales y del Comportamiento (\u00c1mbito Educativo) con el proyecto \u201cDise\u00f1o, construcci\u00f3n e implementaci\u00f3n de juegos did\u00e1cticos\u201d.<\/p>\n<p>Fernanda Paola Castillo Islas, Nitzy Valentina Mart\u00ednez Ortega e Irving Yael T\u00e9llez Hern\u00e1ndez, alumnos de la EPO N\u00fam. 208 de Axapusco, lograron el primer lugar en el \u00c1rea de Ciencias del Medio Ambiente y el tercer lugar general de la feria con el proyecto \u201cDise\u00f1o y construcci\u00f3n de boiler solar casero\u201d.<\/p>\n<p>Durante la ceremonia tambi\u00e9n se reconoci\u00f3 a Marco Santiago Torres Castillo, estudiante mexiquense que representar\u00e1 a M\u00e9xico en una competencia internacional de matem\u00e1ticas que se llevar\u00e1 a cabo en China, lo que evidencia que el talento acad\u00e9mico del Estado de M\u00e9xico trasciende fronteras.<\/p>\n<p>\u201cEste es el rostro del nuevo Estado de M\u00e9xico: joven, valiente, creativo y comprometido con su entorno. Gracias al respaldo de nuestra Gobernadora, la Maestra Delfina G\u00f3mez \u00c1lvarez, el talento mexiquense tiene alas para volar alto y transformar su realidad\u201d, expres\u00f3 Miguel \u00c1ngel Hern\u00e1ndez Espejel, titular de la SECTI.<\/p>\n<p>Carlos Alberto Salgado Trevi\u00f1o, Subsecretario de Educaci\u00f3n Media Superior, elogi\u00f3 el trabajo y esfuerzo de los estudiantes: \u201custedes son ejemplo de lo que se puede lograr con dedicaci\u00f3n, disciplina y sue\u00f1os grandes. Su trabajo inspira a miles de j\u00f3venes a creer en sus capacidades y a tomar acci\u00f3n por un mundo m\u00e1s justo\u201d, se\u00f1al\u00f3.<\/p>\n<p>&nbsp;<\/p>\n<p>&nbsp;<\/p>\n<p>&nbsp;<\/p>\n","protected":false},"excerpt":{"rendered":"<p>En las \u00e1reas de educaci\u00f3n y medio ambiente J\u00f3venes de Acolman y Axapusco, primeros lugares en el XV Encuentro Latinoamericano de Investigaci\u00f3n &nbsp; &nbsp; Toluca, Estado de M\u00e9xico.\u2013 En un acto de orgullo y reconocimiento, la Secretar\u00eda de Educaci\u00f3n, Ciencia, Tecnolog\u00eda e Innovaci\u00f3n (SECTI) del Estado de M\u00e9xico celebr\u00f3 los logros de estudiantes de nivel [&hellip;]<\/p>\n","protected":false},"author":14,"featured_media":671860,"comment_status":"open","ping_status":"open","sticky":false,"template":"","format":"standard","meta":{"_monsterinsights_skip_tracking":false,"_monsterinsights_sitenote_active":false,"_monsterinsights_sitenote_note":"","_monsterinsights_sitenote_category":0,"footnotes":""},"categories":[5],"tags":[],"class_list":["post-671859","post","type-post","status-publish","format-standard","has-post-thumbnail","hentry","category-estado-de-mexico"],"_links":{"self":[{"href":"https:\/\/www.diarioimagen.net\/index.php?rest_route=\/wp\/v2\/posts\/671859","targetHints":{"allow":["GET"]}}],"collection":[{"href":"https:\/\/www.diarioimagen.net\/index.php?rest_route=\/wp\/v2\/posts"}],"about":[{"href":"https:\/\/www.diarioimagen.net\/index.php?rest_route=\/wp\/v2\/types\/post"}],"author":[{"embeddable":true,"href":"https:\/\/www.diarioimagen.net\/index.php?rest_route=\/wp\/v2\/users\/14"}],"replies":[{"embeddable":true,"href":"https:\/\/www.diarioimagen.net\/index.php?rest_route=%2Fwp%2Fv2%2Fcomments&post=671859"}],"version-history":[{"count":1,"href":"https:\/\/www.diarioimagen.net\/index.php?rest_route=\/wp\/v2\/posts\/671859\/revisions"}],"predecessor-version":[{"id":671861,"href":"https:\/\/www.diarioimagen.net\/index.php?rest_route=\/wp\/v2\/posts\/671859\/revisions\/671861"}],"wp:featuredmedia":[{"embeddable":true,"href":"https:\/\/www.diarioimagen.net\/index.php?rest_route=\/wp\/v2\/media\/671860"}],"wp:attachment":[{"href":"https:\/\/www.diarioimagen.net\/index.php?rest_route=%2Fwp%2Fv2%2Fmedia&parent=671859"}],"wp:term":[{"taxonomy":"category","embeddable":true,"href":"https:\/\/www.diarioimagen.net\/index.php?rest_route=%2Fwp%2Fv2%2Fcategories&post=671859"},{"taxonomy":"post_tag","embeddable":true,"href":"https:\/\/www.diarioimagen.net\/index.php?rest_route=%2Fwp%2Fv2%2Ftags&post=671859"}],"curies":[{"name":"wp","href":"https:\/\/api.w.org\/{rel}","templated":true}]}}