{"id":671862,"date":"2025-06-17T00:00:18","date_gmt":"2025-06-17T06:00:18","guid":{"rendered":"https:\/\/www.diarioimagen.net\/?p=671862"},"modified":"2025-06-16T21:50:55","modified_gmt":"2025-06-17T03:50:55","slug":"fortalece-edomex-lazos-internacionales-para-impulsar-el-agro","status":"publish","type":"post","link":"https:\/\/www.diarioimagen.net\/?p=671862","title":{"rendered":"Fortalece Edomex lazos internacionales para impulsar el agro"},"content":{"rendered":"<p>&nbsp;<\/p>\n<ul>\n<li>V<strong>inculaci\u00f3n con Rusia, Cuba, Eslovaquia, El Salvador y Costa de Marfil<\/strong><\/li>\n<\/ul>\n<div id=\"attachment_671863\" style=\"width: 370px\" class=\"wp-caption alignnone\"><img loading=\"lazy\" decoding=\"async\" aria-describedby=\"caption-attachment-671863\" class=\"wp-image-671863 size-large\" src=\"https:\/\/www.diarioimagen.net\/wp-content\/uploads\/2025\/06\/EDOMEX-2-ok-8-360x270.jpg\" alt=\"\" width=\"360\" height=\"270\" srcset=\"https:\/\/www.diarioimagen.net\/wp-content\/uploads\/2025\/06\/EDOMEX-2-ok-8-360x270.jpg 360w, https:\/\/www.diarioimagen.net\/wp-content\/uploads\/2025\/06\/EDOMEX-2-ok-8-240x180.jpg 240w, https:\/\/www.diarioimagen.net\/wp-content\/uploads\/2025\/06\/EDOMEX-2-ok-8-768x576.jpg 768w, https:\/\/www.diarioimagen.net\/wp-content\/uploads\/2025\/06\/EDOMEX-2-ok-8.jpg 1500w\" sizes=\"auto, (max-width: 360px) 100vw, 360px\" \/><p id=\"caption-attachment-671863\" class=\"wp-caption-text\">Mar\u00eda Eugenia Rojano Vald\u00e9s, Secretaria del Campo participa en el durante el Cuarto Foro Internacional Agroindustrial Baja California 2025; acuerda vinculaci\u00f3n t\u00e9cnica y tecnol\u00f3gica con Rusia, Cuba, Eslovaquia, El Salvador y Costa de Marfil<\/p><\/div>\n<p><strong>\u00a0<\/strong><\/p>\n<p>La Paz, Baja California Sur.- Con el objetivo de enriquecer las t\u00e9cnicas y tecnolog\u00edas agr\u00edcolas, el Gobierno de la Maestra Delfina G\u00f3mez \u00c1lvarez, estrech\u00f3 v\u00ednculos de cooperaci\u00f3n con representantes diplom\u00e1ticos de Rusia, Cuba, Eslovaquia, El Salvador y Costa de Marfil durante el Cuarto Foro Internacional Agroindustrial Baja California 2025.<\/p>\n<p>&nbsp;<\/p>\n<p>Mar\u00eda Eugenia Rojano Vald\u00e9s, Secretaria del Campo sostuvo encuentros con delegaciones extranjeras en los que destac\u00f3 la relevancia del campo mexiquense en la producci\u00f3n nacional de cultivos estrat\u00e9gicos como el ma\u00edz nativo, amaranto, nopal, flores y \u00e1rboles de Navidad, as\u00ed como ganado ovino, elementos clave para avanzar hacia la autosuficiencia alimentaria del pa\u00eds.<\/p>\n<p>Durante las reuniones diplom\u00e1ticas, Rojano Vald\u00e9s manifest\u00f3 el inter\u00e9s del Gobierno del Estado de M\u00e9xico en integrar conocimientos internacionales al desarrollo agr\u00edcola local.<\/p>\n<p>Entre los puntos m\u00e1s relevantes, se abordaron posibles intercambios de tecnolog\u00eda agroindustrial con Eslovaquia, el uso de fertilizantes rusos, el aprovechamiento de variedades de nuez y ma\u00edces de ciclo corto de Costa de Marfil, as\u00ed como cultivos de El Salvador y t\u00e9cnicas agroecol\u00f3gicas desarrolladas en Cuba.<\/p>\n<p>La Secretaria del Campo extendi\u00f3 una invitaci\u00f3n oficial a los representantes diplom\u00e1ticos para participar en la pr\u00f3xima Expo Agroalimentaria 2025, que se celebrar\u00e1 a finales de este a\u00f1o en el Estado de M\u00e9xico, como un espacio para el intercambio t\u00e9cnico y comercial con productores y expertos del sector.<\/p>\n<p>El evento tambi\u00e9n fue oportunidad para establecer di\u00e1logo y colaboraci\u00f3n con sus hom\u00f3logos estatales de Baja California, San Luis Potos\u00ed, Sinaloa y Michoac\u00e1n, as\u00ed como con productores de diversos sectores, entre ellos d\u00e1tiles, lim\u00f3n, mango, cerveza artesanal, biofertilizantes, biodigestores y carne de res para exportaci\u00f3n.<\/p>\n<p>Entre los asistentes destacaron Nikolay V. Sof\u00ednskiy, representante de Rusia en M\u00e9xico; Terezia Sajgalikova, representante de la embajada de Eslovaquia; Excmo. Sr. Djerov Ly Robert, el embajador de Costa de Marfil; Wilson Ram\u00edrez Pe\u00f1a, de las Organizaciones Superiores de Direcci\u00f3n Empresarial de Cuba; Rosa Delmy Ca\u00f1as Orellana, representante de la embajada de El Salvador; y Marcela Villegas Silva, Directora de la Central de Abasto de la Ciudad de M\u00e9xico.<\/p>\n<p>Con estas acciones, el Estado de M\u00e9xico busca posicionarse como referente nacional en innovaci\u00f3n agroalimentaria con enfoque internacional, consolidando alianzas estrat\u00e9gicas para fortalecer su campo y garantizar el bienestar de las comunidades rurales.<\/p>\n<p>&nbsp;<\/p>\n<p>&nbsp;<\/p>\n<p>&nbsp;<\/p>\n","protected":false},"excerpt":{"rendered":"<p>&nbsp; Vinculaci\u00f3n con Rusia, Cuba, Eslovaquia, El Salvador y Costa de Marfil \u00a0 La Paz, Baja California Sur.- Con el objetivo de enriquecer las t\u00e9cnicas y tecnolog\u00edas agr\u00edcolas, el Gobierno de la Maestra Delfina G\u00f3mez \u00c1lvarez, estrech\u00f3 v\u00ednculos de cooperaci\u00f3n con representantes diplom\u00e1ticos de Rusia, Cuba, Eslovaquia, El Salvador y Costa de Marfil durante el [&hellip;]<\/p>\n","protected":false},"author":14,"featured_media":671863,"comment_status":"open","ping_status":"open","sticky":false,"template":"","format":"standard","meta":{"_monsterinsights_skip_tracking":false,"_monsterinsights_sitenote_active":false,"_monsterinsights_sitenote_note":"","_monsterinsights_sitenote_category":0,"footnotes":""},"categories":[5],"tags":[],"class_list":["post-671862","post","type-post","status-publish","format-standard","has-post-thumbnail","hentry","category-estado-de-mexico"],"_links":{"self":[{"href":"https:\/\/www.diarioimagen.net\/index.php?rest_route=\/wp\/v2\/posts\/671862","targetHints":{"allow":["GET"]}}],"collection":[{"href":"https:\/\/www.diarioimagen.net\/index.php?rest_route=\/wp\/v2\/posts"}],"about":[{"href":"https:\/\/www.diarioimagen.net\/index.php?rest_route=\/wp\/v2\/types\/post"}],"author":[{"embeddable":true,"href":"https:\/\/www.diarioimagen.net\/index.php?rest_route=\/wp\/v2\/users\/14"}],"replies":[{"embeddable":true,"href":"https:\/\/www.diarioimagen.net\/index.php?rest_route=%2Fwp%2Fv2%2Fcomments&post=671862"}],"version-history":[{"count":1,"href":"https:\/\/www.diarioimagen.net\/index.php?rest_route=\/wp\/v2\/posts\/671862\/revisions"}],"predecessor-version":[{"id":671864,"href":"https:\/\/www.diarioimagen.net\/index.php?rest_route=\/wp\/v2\/posts\/671862\/revisions\/671864"}],"wp:featuredmedia":[{"embeddable":true,"href":"https:\/\/www.diarioimagen.net\/index.php?rest_route=\/wp\/v2\/media\/671863"}],"wp:attachment":[{"href":"https:\/\/www.diarioimagen.net\/index.php?rest_route=%2Fwp%2Fv2%2Fmedia&parent=671862"}],"wp:term":[{"taxonomy":"category","embeddable":true,"href":"https:\/\/www.diarioimagen.net\/index.php?rest_route=%2Fwp%2Fv2%2Fcategories&post=671862"},{"taxonomy":"post_tag","embeddable":true,"href":"https:\/\/www.diarioimagen.net\/index.php?rest_route=%2Fwp%2Fv2%2Ftags&post=671862"}],"curies":[{"name":"wp","href":"https:\/\/api.w.org\/{rel}","templated":true}]}}