{"id":671976,"date":"2025-06-18T00:00:18","date_gmt":"2025-06-18T06:00:18","guid":{"rendered":"https:\/\/www.diarioimagen.net\/?p=671976"},"modified":"2025-06-17T21:31:30","modified_gmt":"2025-06-18T03:31:30","slug":"rehabilita-el-gobierno-de-isaac-montoya-marquez-la-colonia-el-molinito-en-naucalpan","status":"publish","type":"post","link":"https:\/\/www.diarioimagen.net\/?p=671976","title":{"rendered":"Rehabilita el gobierno de Isaac Montoya  M\u00e1rquez la colonia El Molinito, en Naucalpan"},"content":{"rendered":"<ul>\n<li><strong>Programa Huellas de la Transformaci\u00f3n<\/strong><\/li>\n<\/ul>\n<div id=\"attachment_671977\" style=\"width: 392px\" class=\"wp-caption alignnone\"><img loading=\"lazy\" decoding=\"async\" aria-describedby=\"caption-attachment-671977\" class=\"wp-image-671977 size-large\" src=\"https:\/\/www.diarioimagen.net\/wp-content\/uploads\/2025\/06\/BAENA-1-ok-11-382x270.jpg\" alt=\"\" width=\"382\" height=\"270\" srcset=\"https:\/\/www.diarioimagen.net\/wp-content\/uploads\/2025\/06\/BAENA-1-ok-11-382x270.jpg 382w, https:\/\/www.diarioimagen.net\/wp-content\/uploads\/2025\/06\/BAENA-1-ok-11-240x169.jpg 240w, https:\/\/www.diarioimagen.net\/wp-content\/uploads\/2025\/06\/BAENA-1-ok-11-768x542.jpg 768w, https:\/\/www.diarioimagen.net\/wp-content\/uploads\/2025\/06\/BAENA-1-ok-11-90x65.jpg 90w, https:\/\/www.diarioimagen.net\/wp-content\/uploads\/2025\/06\/BAENA-1-ok-11.jpg 1500w\" sizes=\"auto, (max-width: 382px) 100vw, 382px\" \/><p id=\"caption-attachment-671977\" class=\"wp-caption-text\">El alcalde Isaac Montoya M\u00e1rquez entreg\u00f3 la rehabilitaci\u00f3n de la carpeta asf\u00e1ltica y la habilitaci\u00f3n del Andador Ecol\u00f3gico en la avenida Ferrocarril de Ac\u00e1mbaro, en la colonia El Molinito.<\/p><\/div>\n<p><strong>\u00a0<\/strong><\/p>\n<p>Naucalpan. M\u00e9x.- En la colonia El Molinito, el presidente municipal Isaac Montoya M\u00e1rquez entreg\u00f3 la rehabilitaci\u00f3n de la carpeta asf\u00e1ltica y la habilitaci\u00f3n de andador ecol\u00f3gico en la avenida Ferrocarril de Ac\u00e1mbaro, como parte del programa Huellas de la Transformaci\u00f3n, a trav\u00e9s del operativo Construyendo Bienestar para el Pueblo.<\/p>\n<p>&nbsp;<\/p>\n<p>La vialidad se encontraba llena de baches que complicaban el tr\u00e1nsito y representaban un riesgo para la circulaci\u00f3n vial y para los peatones, por lo que era una deuda hist\u00f3rica.<\/p>\n<p>&nbsp;<\/p>\n<p>El alcalde mencion\u00f3 que se tiene un compromiso, una deuda hist\u00f3rica con localidades como El Molinito, San Antonio Zomeyucan, San Esteban y con todas las comunidades que siempre se dejaban para el \u00faltimo y que hoy van a mejorar con diversas intervenciones. \u201cLa dignidad se hace costumbre y la dignidad gobierna Naucalpan poniendo primero al barrio\u201d.<\/p>\n<p>&nbsp;<\/p>\n<p>En este espacio, que fue olvidado por d\u00e9cadas, se habilit\u00f3 el Andador Ecol\u00f3gico El Molinito, el cual corre por los costados de la v\u00eda del tren y ahora cuenta con: 10 bancas equipadas con techo y luminarias de energ\u00eda solar; 15 \u00e1rboles en macetas a lo largo del corredor y se rehabilitaron 7 cruces peatonales. Adem\u00e1s, se instal\u00f3 una reja con malla en uno de los cruces del R\u00edo Hondo para evitar accidentes, tanto peatonales, como viales.<\/p>\n<p>&nbsp;<\/p>\n<p>En presencia de las y los vecinos, dijo que esto es inicio de una gran transformaci\u00f3n que est\u00e1 por acontecer y que se ir\u00e1n trabajando en estas comunidades que forman parte de un proyecto integral para mejorar a todas las colonias.<\/p>\n<p>&nbsp;<\/p>\n<p>Asimismo, Montoya M\u00e1rquez extern\u00f3 que El Molinito forma parte de uno de los Tri\u00e1ngulos del Bienestar que conectar\u00e1 con Cuatro Caminos y Naucalpan Centro que, contar\u00e1n con Senderos Seguros y Luminosos, adem\u00e1s de mejores vialidades.<\/p>\n<p>&nbsp;<\/p>\n<p>\u201cVamos a ir rehabilitando las vialidades, vamos por 1 mill\u00f3n de metros cuadrados, a lo largo de nuestro gobierno. Vamos a ir devolvi\u00e9ndoles la dignidad a todas, a todos ustedes porque merecemos vivir en un lugar mejor. Estamos trabajando para mejorar la calidad de vida en nuestra Ciudad Naucalpan\u201d. Reiter\u00f3 la invitaci\u00f3n a las vecinas y vecinos a mantener los espacios en buenas condiciones y a no tirar basura en las calles sobre todo para evitar inundaciones y enfatiz\u00f3 que hay sanciones para quienes insistan en esta pr\u00e1ctica.<\/p>\n<p>&nbsp;<\/p>\n","protected":false},"excerpt":{"rendered":"<p>Programa Huellas de la Transformaci\u00f3n \u00a0 Naucalpan. M\u00e9x.- En la colonia El Molinito, el presidente municipal Isaac Montoya M\u00e1rquez entreg\u00f3 la rehabilitaci\u00f3n de la carpeta asf\u00e1ltica y la habilitaci\u00f3n de andador ecol\u00f3gico en la avenida Ferrocarril de Ac\u00e1mbaro, como parte del programa Huellas de la Transformaci\u00f3n, a trav\u00e9s del operativo Construyendo Bienestar para el Pueblo. [&hellip;]<\/p>\n","protected":false},"author":14,"featured_media":671977,"comment_status":"open","ping_status":"open","sticky":false,"template":"","format":"standard","meta":{"_monsterinsights_skip_tracking":false,"_monsterinsights_sitenote_active":false,"_monsterinsights_sitenote_note":"","_monsterinsights_sitenote_category":0,"footnotes":""},"categories":[5],"tags":[],"class_list":["post-671976","post","type-post","status-publish","format-standard","has-post-thumbnail","hentry","category-estado-de-mexico"],"_links":{"self":[{"href":"https:\/\/www.diarioimagen.net\/index.php?rest_route=\/wp\/v2\/posts\/671976","targetHints":{"allow":["GET"]}}],"collection":[{"href":"https:\/\/www.diarioimagen.net\/index.php?rest_route=\/wp\/v2\/posts"}],"about":[{"href":"https:\/\/www.diarioimagen.net\/index.php?rest_route=\/wp\/v2\/types\/post"}],"author":[{"embeddable":true,"href":"https:\/\/www.diarioimagen.net\/index.php?rest_route=\/wp\/v2\/users\/14"}],"replies":[{"embeddable":true,"href":"https:\/\/www.diarioimagen.net\/index.php?rest_route=%2Fwp%2Fv2%2Fcomments&post=671976"}],"version-history":[{"count":1,"href":"https:\/\/www.diarioimagen.net\/index.php?rest_route=\/wp\/v2\/posts\/671976\/revisions"}],"predecessor-version":[{"id":671978,"href":"https:\/\/www.diarioimagen.net\/index.php?rest_route=\/wp\/v2\/posts\/671976\/revisions\/671978"}],"wp:featuredmedia":[{"embeddable":true,"href":"https:\/\/www.diarioimagen.net\/index.php?rest_route=\/wp\/v2\/media\/671977"}],"wp:attachment":[{"href":"https:\/\/www.diarioimagen.net\/index.php?rest_route=%2Fwp%2Fv2%2Fmedia&parent=671976"}],"wp:term":[{"taxonomy":"category","embeddable":true,"href":"https:\/\/www.diarioimagen.net\/index.php?rest_route=%2Fwp%2Fv2%2Fcategories&post=671976"},{"taxonomy":"post_tag","embeddable":true,"href":"https:\/\/www.diarioimagen.net\/index.php?rest_route=%2Fwp%2Fv2%2Ftags&post=671976"}],"curies":[{"name":"wp","href":"https:\/\/api.w.org\/{rel}","templated":true}]}}