{"id":671985,"date":"2025-06-18T00:00:27","date_gmt":"2025-06-18T06:00:27","guid":{"rendered":"https:\/\/www.diarioimagen.net\/?p=671985"},"modified":"2025-06-17T21:40:58","modified_gmt":"2025-06-18T03:40:58","slug":"cuenta-regresiva-para-el-colegio-deportivo-de-tochito-bandera-en-naucalpan","status":"publish","type":"post","link":"https:\/\/www.diarioimagen.net\/?p=671985","title":{"rendered":"Cuenta regresiva para el colegio deportivo de tochito bandera en Naucalpan"},"content":{"rendered":"<p><img loading=\"lazy\" decoding=\"async\" class=\"alignnone wp-image-671986 size-large\" src=\"https:\/\/www.diarioimagen.net\/wp-content\/uploads\/2025\/06\/BAENA-4-ok-12-423x270.jpg\" alt=\"\" width=\"423\" height=\"270\" srcset=\"https:\/\/www.diarioimagen.net\/wp-content\/uploads\/2025\/06\/BAENA-4-ok-12-423x270.jpg 423w, https:\/\/www.diarioimagen.net\/wp-content\/uploads\/2025\/06\/BAENA-4-ok-12-240x153.jpg 240w, https:\/\/www.diarioimagen.net\/wp-content\/uploads\/2025\/06\/BAENA-4-ok-12-768x490.jpg 768w, https:\/\/www.diarioimagen.net\/wp-content\/uploads\/2025\/06\/BAENA-4-ok-12-1536x980.jpg 1536w, https:\/\/www.diarioimagen.net\/wp-content\/uploads\/2025\/06\/BAENA-4-ok-12-2048x1306.jpg 2048w\" sizes=\"auto, (max-width: 423px) 100vw, 423px\" \/><\/p>\n<p>Naucalpan, M\u00e9x.- A unos d\u00edas del arranque del colegio de tochito-bandera en Naucalpan, denominado \u00c1guilas del sol, hay gran expectativa, no s\u00f3lo de quienes est\u00e1n ansiosos de inscribirse, sino de las propias autoridades en esta materia, que, aseguran, se contar\u00e1 con todo el apoyo para el beneficio del deporte en este municipio. Sin duda, la fusi\u00f3n entre los hermanos Alex y C\u00e9sar Macedo, as\u00ed como la de Axel y Ram\u00f3n Mart\u00ednez, rendir\u00e1 frutos en favor del deporte y los deportistas no s\u00f3lo de Naucalpan, sino en todo el territorio mexiquense.\u00a0 La cuenta regresiva ya inici\u00f3. La idea de este cuarteto de hermanos, sin duda, impulsar\u00e1 el empoderamiento de los j\u00f3venes naucalpenses. En breve entrevista, Axel Mart\u00ednez reiter\u00f3 que la apertura de este colegio es prioritario para que se unan a este deporte que d\u00eda a d\u00eda va adquiriendo mayor fuerza. \u00a0Enhorabuena.<\/p>\n<p>&nbsp;<\/p>\n","protected":false},"excerpt":{"rendered":"<p>Naucalpan, M\u00e9x.- A unos d\u00edas del arranque del colegio de tochito-bandera en Naucalpan, denominado \u00c1guilas del sol, hay gran expectativa, no s\u00f3lo de quienes est\u00e1n ansiosos de inscribirse, sino de las propias autoridades en esta materia, que, aseguran, se contar\u00e1 con todo el apoyo para el beneficio del deporte en este municipio. Sin duda, la [&hellip;]<\/p>\n","protected":false},"author":14,"featured_media":671986,"comment_status":"open","ping_status":"open","sticky":false,"template":"","format":"standard","meta":{"_monsterinsights_skip_tracking":false,"_monsterinsights_sitenote_active":false,"_monsterinsights_sitenote_note":"","_monsterinsights_sitenote_category":0,"footnotes":""},"categories":[5],"tags":[],"class_list":["post-671985","post","type-post","status-publish","format-standard","has-post-thumbnail","hentry","category-estado-de-mexico"],"_links":{"self":[{"href":"https:\/\/www.diarioimagen.net\/index.php?rest_route=\/wp\/v2\/posts\/671985","targetHints":{"allow":["GET"]}}],"collection":[{"href":"https:\/\/www.diarioimagen.net\/index.php?rest_route=\/wp\/v2\/posts"}],"about":[{"href":"https:\/\/www.diarioimagen.net\/index.php?rest_route=\/wp\/v2\/types\/post"}],"author":[{"embeddable":true,"href":"https:\/\/www.diarioimagen.net\/index.php?rest_route=\/wp\/v2\/users\/14"}],"replies":[{"embeddable":true,"href":"https:\/\/www.diarioimagen.net\/index.php?rest_route=%2Fwp%2Fv2%2Fcomments&post=671985"}],"version-history":[{"count":1,"href":"https:\/\/www.diarioimagen.net\/index.php?rest_route=\/wp\/v2\/posts\/671985\/revisions"}],"predecessor-version":[{"id":671987,"href":"https:\/\/www.diarioimagen.net\/index.php?rest_route=\/wp\/v2\/posts\/671985\/revisions\/671987"}],"wp:featuredmedia":[{"embeddable":true,"href":"https:\/\/www.diarioimagen.net\/index.php?rest_route=\/wp\/v2\/media\/671986"}],"wp:attachment":[{"href":"https:\/\/www.diarioimagen.net\/index.php?rest_route=%2Fwp%2Fv2%2Fmedia&parent=671985"}],"wp:term":[{"taxonomy":"category","embeddable":true,"href":"https:\/\/www.diarioimagen.net\/index.php?rest_route=%2Fwp%2Fv2%2Fcategories&post=671985"},{"taxonomy":"post_tag","embeddable":true,"href":"https:\/\/www.diarioimagen.net\/index.php?rest_route=%2Fwp%2Fv2%2Ftags&post=671985"}],"curies":[{"name":"wp","href":"https:\/\/api.w.org\/{rel}","templated":true}]}}