{"id":672036,"date":"2025-06-18T00:00:51","date_gmt":"2025-06-18T06:00:51","guid":{"rendered":"https:\/\/www.diarioimagen.net\/?p=672036"},"modified":"2025-06-17T22:13:48","modified_gmt":"2025-06-18T04:13:48","slug":"estudiantes-de-uaemex-atlacomulco-primero-y-segundo-lugar-en-certamen-de-conocimientos","status":"publish","type":"post","link":"https:\/\/www.diarioimagen.net\/?p=672036","title":{"rendered":"Estudiantes de UAEM\u00e9x-Atlacomulco, primero  y segundo lugar en certamen de conocimientos"},"content":{"rendered":"<ul>\n<li>C<strong>onvocado por Colegio de Contadores P\u00fablicos del Valle de Toluca*<\/strong><\/li>\n<li><strong>Equipos ganadores coincidieron en el orgullo que implica representar a la Aut\u00f3noma mexiquense, cuya comunidad tiene hambre de conocimiento, as\u00ed como de poder expresar y representar lo que es<\/strong><\/li>\n<\/ul>\n<div id=\"attachment_672037\" style=\"width: 418px\" class=\"wp-caption alignnone\"><img loading=\"lazy\" decoding=\"async\" aria-describedby=\"caption-attachment-672037\" class=\"wp-image-672037 size-large\" src=\"https:\/\/www.diarioimagen.net\/wp-content\/uploads\/2025\/06\/UAEM-1-6-408x270.jpg\" alt=\"\" width=\"408\" height=\"270\" srcset=\"https:\/\/www.diarioimagen.net\/wp-content\/uploads\/2025\/06\/UAEM-1-6-408x270.jpg 408w, https:\/\/www.diarioimagen.net\/wp-content\/uploads\/2025\/06\/UAEM-1-6-240x159.jpg 240w, https:\/\/www.diarioimagen.net\/wp-content\/uploads\/2025\/06\/UAEM-1-6-768x509.jpg 768w, https:\/\/www.diarioimagen.net\/wp-content\/uploads\/2025\/06\/UAEM-1-6.jpg 1333w\" sizes=\"auto, (max-width: 408px) 100vw, 408px\" \/><p id=\"caption-attachment-672037\" class=\"wp-caption-text\">Alumnos del Centro Universitario Atlacomulco, de la Universidad Aut\u00f3noma del Estado de M\u00e9xico (UAEM\u00e9x), ganaron primero y segundo lugar, en la Categor\u00eda \u201cFiscal\u201d, del Primer Encuentro Juvenil de la Contadur\u00eda.<\/p><\/div>\n<p>Metepec, M\u00e9x.- Estudiantes de la Licenciatura en Contadur\u00eda del Centro Universitario Atlacomulco de la Universidad Aut\u00f3noma del Estado de M\u00e9xico (UAEM\u00e9x) ganaron primero y segundo lugar, en la Categor\u00eda \u201cFiscal\u201d, del Primer Encuentro Juvenil de la Contadur\u00eda, convocado por el Colegio de Contadores P\u00fablicos del Valle de Toluca.<\/p>\n<p>\u201cAngry bees\u201d, equipo conformado por los estudiantes Giovanni Pi\u00f1a Mart\u00ednez, Erica Monroy Castro, Claudia Lizet Mart\u00ednez Mart\u00ednez, Darby Yarek Calle Plata e Irvin Emaul Esquivel Castillo, consigui\u00f3 el primer lugar en este certamen, en el que participaron estudiantes de 11 instituciones de educaci\u00f3n superior p\u00fablicas y privadas del Estado de M\u00e9xico.<\/p>\n<p>En tanto, \u201cGreen and gold accoontants\u201d, conformado por Guillermo S\u00e1mano P\u00e9rez, Mar\u00eda Guadalupe Mart\u00ednez Mart\u00ednez, Jes\u00fas Emanuel Armenta Monroy, Arleth Garc\u00eda Zald\u00edvar y Nepthali Luc\u00eda Mart\u00ednez Lara, obtuvo el segundo lugar del Encuentro, que se llev\u00f3 a cabo en el Tecnol\u00f3gico de Estudios Superiores de Jocotitl\u00e1n y que contempl\u00f3 actividades acad\u00e9micas, culturales, deportivas y de convivencia.<\/p>\n<p>Durante la ceremonia de entrega de reconocimientos del Primer Encuentro Juvenil de la Contadur\u00eda, que se llev\u00f3 a cabo en las instalaciones del Colegio de Contadores P\u00fablicos del Valle de Toluca, en el municipio de Metepec, Giovanni Pi\u00f1a Mart\u00ednez, en representaci\u00f3n de \u201cAngry bees\u201d, refiri\u00f3 que \u201cparticipar en este evento fue muy grato y reconfortante. Nos ayud\u00f3 a adquirir nuevas habilidades, nuevas experiencias y saber en qu\u00e9 lugar estamos en cuanto a conocimientos\u201d.<\/p>\n<p>\u201cEstoy sumamente orgulloso de nuestro desempe\u00f1o y de haber representado al Centro Universitario UAEM Atlacomulco ante estudiantes de otras universidades.<\/p>\n<p>Esta es una etapa regional y, por supuesto, nos esforzaremos por llegar a las etapas estatal y nacional, con la finalidad de dar a conocer la calidad con que se forman los profesionales de la UAEM\u00e9x, una instituci\u00f3n de educaci\u00f3n superior fuerte\u201d, dijo.<\/p>\n<p>En representaci\u00f3n de los integrantes de \u201cGreen and gold accoontants\u201d, Guillermo S\u00e1mano P\u00e9rez asever\u00f3 que participar en el Primer Encuentro Juvenil de la Contadur\u00eda fue una experiencia enriquecedora que les permiti\u00f3 fortalecer sus conocimientos como contadores en formaci\u00f3n.<\/p>\n<p>Previo al concurso, dijo, recibimos una capacitaci\u00f3n que nos permiti\u00f3 reforzar conocimientos sobre la ley del impuesto sobre la renta y la ley del impuesto al valor agregado, entre otros temas; asimismo, vimos casos pr\u00e1cticos.<\/p>\n<p>Finalmente, asegur\u00f3 que \u201cfue un reto duro. No fue nada f\u00e1cil y obtener el primero y segundo lugares habla muy bien de nuestra formaci\u00f3n, del nivel acad\u00e9mico del claustro docente y de la propia UAEM\u00e9x\u201d.<\/p>\n<p>Los integrantes de ambos equipos coincidieron en el orgullo que implica representar a la Aut\u00f3noma mexiquense, cuya comunidad tiene hambre de conocimiento, as\u00ed como de poder expresar y representar lo que es.<\/p>\n<p>&nbsp;<\/p>\n<p>&nbsp;<\/p>\n<p><strong>\u00a0<\/strong><\/p>\n","protected":false},"excerpt":{"rendered":"<p>Convocado por Colegio de Contadores P\u00fablicos del Valle de Toluca* Equipos ganadores coincidieron en el orgullo que implica representar a la Aut\u00f3noma mexiquense, cuya comunidad tiene hambre de conocimiento, as\u00ed como de poder expresar y representar lo que es Metepec, M\u00e9x.- Estudiantes de la Licenciatura en Contadur\u00eda del Centro Universitario Atlacomulco de la Universidad Aut\u00f3noma [&hellip;]<\/p>\n","protected":false},"author":14,"featured_media":672037,"comment_status":"open","ping_status":"open","sticky":false,"template":"","format":"standard","meta":{"_monsterinsights_skip_tracking":false,"_monsterinsights_sitenote_active":false,"_monsterinsights_sitenote_note":"","_monsterinsights_sitenote_category":0,"footnotes":""},"categories":[5],"tags":[],"class_list":["post-672036","post","type-post","status-publish","format-standard","has-post-thumbnail","hentry","category-estado-de-mexico"],"_links":{"self":[{"href":"https:\/\/www.diarioimagen.net\/index.php?rest_route=\/wp\/v2\/posts\/672036","targetHints":{"allow":["GET"]}}],"collection":[{"href":"https:\/\/www.diarioimagen.net\/index.php?rest_route=\/wp\/v2\/posts"}],"about":[{"href":"https:\/\/www.diarioimagen.net\/index.php?rest_route=\/wp\/v2\/types\/post"}],"author":[{"embeddable":true,"href":"https:\/\/www.diarioimagen.net\/index.php?rest_route=\/wp\/v2\/users\/14"}],"replies":[{"embeddable":true,"href":"https:\/\/www.diarioimagen.net\/index.php?rest_route=%2Fwp%2Fv2%2Fcomments&post=672036"}],"version-history":[{"count":1,"href":"https:\/\/www.diarioimagen.net\/index.php?rest_route=\/wp\/v2\/posts\/672036\/revisions"}],"predecessor-version":[{"id":672038,"href":"https:\/\/www.diarioimagen.net\/index.php?rest_route=\/wp\/v2\/posts\/672036\/revisions\/672038"}],"wp:featuredmedia":[{"embeddable":true,"href":"https:\/\/www.diarioimagen.net\/index.php?rest_route=\/wp\/v2\/media\/672037"}],"wp:attachment":[{"href":"https:\/\/www.diarioimagen.net\/index.php?rest_route=%2Fwp%2Fv2%2Fmedia&parent=672036"}],"wp:term":[{"taxonomy":"category","embeddable":true,"href":"https:\/\/www.diarioimagen.net\/index.php?rest_route=%2Fwp%2Fv2%2Fcategories&post=672036"},{"taxonomy":"post_tag","embeddable":true,"href":"https:\/\/www.diarioimagen.net\/index.php?rest_route=%2Fwp%2Fv2%2Ftags&post=672036"}],"curies":[{"name":"wp","href":"https:\/\/api.w.org\/{rel}","templated":true}]}}