{"id":672148,"date":"2025-06-19T00:00:59","date_gmt":"2025-06-19T06:00:59","guid":{"rendered":"https:\/\/www.diarioimagen.net\/?p=672148"},"modified":"2025-06-18T21:20:19","modified_gmt":"2025-06-19T03:20:19","slug":"llama-anuar-azar-a-seguir-luchando-por-el-empoderamiento-de-la-mujer-y-sus-familias","status":"publish","type":"post","link":"https:\/\/www.diarioimagen.net\/?p=672148","title":{"rendered":"Llama Anuar Azar a seguir luchando por el  empoderamiento de la mujer y sus familias"},"content":{"rendered":"<ul>\n<li><strong>Reuni\u00f3n con luchadoras sociales de Atizap\u00e1n<\/strong><\/li>\n<\/ul>\n<p><strong> <img loading=\"lazy\" decoding=\"async\" class=\"alignnone wp-image-672179 size-large\" src=\"https:\/\/www.diarioimagen.net\/wp-content\/uploads\/2025\/06\/BAENA-1-ok-12-392x270.jpg\" alt=\"\" width=\"392\" height=\"270\" srcset=\"https:\/\/www.diarioimagen.net\/wp-content\/uploads\/2025\/06\/BAENA-1-ok-12-392x270.jpg 392w, https:\/\/www.diarioimagen.net\/wp-content\/uploads\/2025\/06\/BAENA-1-ok-12-240x165.jpg 240w, https:\/\/www.diarioimagen.net\/wp-content\/uploads\/2025\/06\/BAENA-1-ok-12-768x529.jpg 768w, https:\/\/www.diarioimagen.net\/wp-content\/uploads\/2025\/06\/BAENA-1-ok-12.jpg 1500w\" sizes=\"auto, (max-width: 392px) 100vw, 392px\" \/><\/strong><\/p>\n<p>&nbsp;<\/p>\n<p>&nbsp;<\/p>\n<p>Por Arturo Baena<\/p>\n<p>&nbsp;<\/p>\n<p>Atizap\u00e1n de Zaragoza, M\u00e9x.- En todo momento estaremos atentos para apoyar el\u00a0 empoderamiento de las mujeres atizapenses, pues ello les implica garantizar el acceso a oportunidades, recursos y la capacidad de tomar decisiones importantes\u00a0 en\u00a0 sus vidas.<\/p>\n<p>&nbsp;<\/p>\n<p>As\u00ed lo asegur\u00f3 el legislador mexiquense Anuar Azar Figueroa, al reunirse con luchadoras sociales de este municipio,\u00a0 a quienes les refrend\u00f3 su compromiso de brindarles atenci\u00f3n especial y prueba de ello, son las jornadas de apoyo al gasto familiar que se realizan por todo el territorio de esta municipalidad.<\/p>\n<p>&nbsp;<\/p>\n<p>\u201cEl empoderamiento de las mujeres no s\u00f3lo las\u00a0 beneficia individualmente, sino que tambi\u00e9n contribuye al desarrollo econ\u00f3mico y social de sus\u00a0 comunidades y sus familias\u201d, reiter\u00f3.<\/p>\n<p>&nbsp;<\/p>\n<p>Anuar Azar abund\u00f3: \u201creconozco el liderazgo y el extraordinario trabajo de nuestro presidente municipal, Pedro Rodr\u00edguez. En este gran proyecto cabemos todos los que queremos consolidar la continuidad en Atizap\u00e1n, para seguir siendo ejemplo en todo el Estado de M\u00e9xico\u201d.<\/p>\n<p>&nbsp;<\/p>\n<p>El diputado del Partido Acci\u00f3n Nacional expres\u00f3 que \u201cel empoderamiento de las mujeres est\u00e1 vinculado a una mejor salud y bienestar para ellas y sus familias, haciendo sociedades m\u00e1s justas y equitativas\u201d.<\/p>\n<p>&nbsp;<\/p>\n<p>Finalmente, el diputado del PAN hizo un llamado a las mujeres de Atizap\u00e1n de Zaragoza a no bajar la guardia y seguir luchando por su empoderamiento y el de sus familias.<\/p>\n<p>&nbsp;<\/p>\n<p>&nbsp;<\/p>\n","protected":false},"excerpt":{"rendered":"<p>Reuni\u00f3n con luchadoras sociales de Atizap\u00e1n &nbsp; &nbsp; Por Arturo Baena &nbsp; Atizap\u00e1n de Zaragoza, M\u00e9x.- En todo momento estaremos atentos para apoyar el\u00a0 empoderamiento de las mujeres atizapenses, pues ello les implica garantizar el acceso a oportunidades, recursos y la capacidad de tomar decisiones importantes\u00a0 en\u00a0 sus vidas. &nbsp; As\u00ed lo asegur\u00f3 el legislador [&hellip;]<\/p>\n","protected":false},"author":14,"featured_media":672179,"comment_status":"open","ping_status":"open","sticky":false,"template":"","format":"standard","meta":{"_monsterinsights_skip_tracking":false,"_monsterinsights_sitenote_active":false,"_monsterinsights_sitenote_note":"","_monsterinsights_sitenote_category":0,"footnotes":""},"categories":[5],"tags":[],"class_list":["post-672148","post","type-post","status-publish","format-standard","has-post-thumbnail","hentry","category-estado-de-mexico"],"_links":{"self":[{"href":"https:\/\/www.diarioimagen.net\/index.php?rest_route=\/wp\/v2\/posts\/672148","targetHints":{"allow":["GET"]}}],"collection":[{"href":"https:\/\/www.diarioimagen.net\/index.php?rest_route=\/wp\/v2\/posts"}],"about":[{"href":"https:\/\/www.diarioimagen.net\/index.php?rest_route=\/wp\/v2\/types\/post"}],"author":[{"embeddable":true,"href":"https:\/\/www.diarioimagen.net\/index.php?rest_route=\/wp\/v2\/users\/14"}],"replies":[{"embeddable":true,"href":"https:\/\/www.diarioimagen.net\/index.php?rest_route=%2Fwp%2Fv2%2Fcomments&post=672148"}],"version-history":[{"count":1,"href":"https:\/\/www.diarioimagen.net\/index.php?rest_route=\/wp\/v2\/posts\/672148\/revisions"}],"predecessor-version":[{"id":672180,"href":"https:\/\/www.diarioimagen.net\/index.php?rest_route=\/wp\/v2\/posts\/672148\/revisions\/672180"}],"wp:featuredmedia":[{"embeddable":true,"href":"https:\/\/www.diarioimagen.net\/index.php?rest_route=\/wp\/v2\/media\/672179"}],"wp:attachment":[{"href":"https:\/\/www.diarioimagen.net\/index.php?rest_route=%2Fwp%2Fv2%2Fmedia&parent=672148"}],"wp:term":[{"taxonomy":"category","embeddable":true,"href":"https:\/\/www.diarioimagen.net\/index.php?rest_route=%2Fwp%2Fv2%2Fcategories&post=672148"},{"taxonomy":"post_tag","embeddable":true,"href":"https:\/\/www.diarioimagen.net\/index.php?rest_route=%2Fwp%2Fv2%2Ftags&post=672148"}],"curies":[{"name":"wp","href":"https:\/\/api.w.org\/{rel}","templated":true}]}}