{"id":672187,"date":"2025-06-19T00:00:48","date_gmt":"2025-06-19T06:00:48","guid":{"rendered":"https:\/\/www.diarioimagen.net\/?p=672187"},"modified":"2025-06-18T21:24:43","modified_gmt":"2025-06-19T03:24:43","slug":"continuara-el-operativo-de-limpieza-en-ecatepec-azucena-cisneros","status":"publish","type":"post","link":"https:\/\/www.diarioimagen.net\/?p=672187","title":{"rendered":"Continuar\u00e1 el operativo de limpieza en Ecatepec: Azucena Cisneros"},"content":{"rendered":"<p><img loading=\"lazy\" decoding=\"async\" class=\"alignnone wp-image-672188 size-large\" src=\"https:\/\/www.diarioimagen.net\/wp-content\/uploads\/2025\/06\/BAENA-4-ok-13-401x270.jpg\" alt=\"\" width=\"401\" height=\"270\" srcset=\"https:\/\/www.diarioimagen.net\/wp-content\/uploads\/2025\/06\/BAENA-4-ok-13-401x270.jpg 401w, https:\/\/www.diarioimagen.net\/wp-content\/uploads\/2025\/06\/BAENA-4-ok-13-240x162.jpg 240w, https:\/\/www.diarioimagen.net\/wp-content\/uploads\/2025\/06\/BAENA-4-ok-13-768x518.jpg 768w, https:\/\/www.diarioimagen.net\/wp-content\/uploads\/2025\/06\/BAENA-4-ok-13.jpg 1500w\" sizes=\"auto, (max-width: 401px) 100vw, 401px\" \/><\/p>\n<p>Ecatepec, M\u00e9x.- El programa Rastrillo Social se suma a una serie de acciones que permiten que Ecatepec cambie y contribuye a mitigar los efectos de las lluvias, afirm\u00f3 la presidenta municipal Azucena Cisneros Coss durante el noveno operativo realizado en la colonia Jardines de Santa Clara. En avenida Circunvalaci\u00f3n Sur, de la R1 a la autopista Siervo de la Naci\u00f3n, trabajadores municipales reforzaron la limpieza de calles y v\u00edas p\u00fablicas con el retiro de basura y llantas, adem\u00e1s de liberar de obst\u00e1culos las banquetas para permitir el libre tr\u00e1nsito a la poblaci\u00f3n. En el lugar, la alcaldesa reiter\u00f3 que seguir\u00e1 trabajando a favor de los ecatepenses. \u201cCuesta mucho trabajo, pero los vecinos est\u00e1n conscientes y los comerciantes tambi\u00e9n de que tenemos que seguir sumando juntos para ordenar Ecatepec\u201d, dijo.<\/p>\n<p>&nbsp;<\/p>\n<p>&nbsp;<\/p>\n<p>El director de Servicios P\u00fablicos, Carlos Cruz Ramos, inform\u00f3 que suman 35 mil toneladas de basura recolectadas hasta el momento.<\/p>\n<p>&nbsp;<\/p>\n<p>Jes\u00fas Clara Gonz\u00e1lez, director de Protecci\u00f3n Civil y Bomberos, mencion\u00f3 que se han realizado nueve operativos de mitigaci\u00f3n de inundaciones, despu\u00e9s de las fuertes tormentas que han ca\u00eddo en Ecatepec, en tanto que el Consejero Jur\u00eddico, Luis Alberto L\u00f3pez, dijo que se han ejecutado nueve operativos Rastrillo Social.<\/p>\n","protected":false},"excerpt":{"rendered":"<p>Ecatepec, M\u00e9x.- El programa Rastrillo Social se suma a una serie de acciones que permiten que Ecatepec cambie y contribuye a mitigar los efectos de las lluvias, afirm\u00f3 la presidenta municipal Azucena Cisneros Coss durante el noveno operativo realizado en la colonia Jardines de Santa Clara. En avenida Circunvalaci\u00f3n Sur, de la R1 a la [&hellip;]<\/p>\n","protected":false},"author":14,"featured_media":672188,"comment_status":"open","ping_status":"open","sticky":false,"template":"","format":"standard","meta":{"_monsterinsights_skip_tracking":false,"_monsterinsights_sitenote_active":false,"_monsterinsights_sitenote_note":"","_monsterinsights_sitenote_category":0,"footnotes":""},"categories":[5],"tags":[],"class_list":["post-672187","post","type-post","status-publish","format-standard","has-post-thumbnail","hentry","category-estado-de-mexico"],"_links":{"self":[{"href":"https:\/\/www.diarioimagen.net\/index.php?rest_route=\/wp\/v2\/posts\/672187","targetHints":{"allow":["GET"]}}],"collection":[{"href":"https:\/\/www.diarioimagen.net\/index.php?rest_route=\/wp\/v2\/posts"}],"about":[{"href":"https:\/\/www.diarioimagen.net\/index.php?rest_route=\/wp\/v2\/types\/post"}],"author":[{"embeddable":true,"href":"https:\/\/www.diarioimagen.net\/index.php?rest_route=\/wp\/v2\/users\/14"}],"replies":[{"embeddable":true,"href":"https:\/\/www.diarioimagen.net\/index.php?rest_route=%2Fwp%2Fv2%2Fcomments&post=672187"}],"version-history":[{"count":1,"href":"https:\/\/www.diarioimagen.net\/index.php?rest_route=\/wp\/v2\/posts\/672187\/revisions"}],"predecessor-version":[{"id":672189,"href":"https:\/\/www.diarioimagen.net\/index.php?rest_route=\/wp\/v2\/posts\/672187\/revisions\/672189"}],"wp:featuredmedia":[{"embeddable":true,"href":"https:\/\/www.diarioimagen.net\/index.php?rest_route=\/wp\/v2\/media\/672188"}],"wp:attachment":[{"href":"https:\/\/www.diarioimagen.net\/index.php?rest_route=%2Fwp%2Fv2%2Fmedia&parent=672187"}],"wp:term":[{"taxonomy":"category","embeddable":true,"href":"https:\/\/www.diarioimagen.net\/index.php?rest_route=%2Fwp%2Fv2%2Fcategories&post=672187"},{"taxonomy":"post_tag","embeddable":true,"href":"https:\/\/www.diarioimagen.net\/index.php?rest_route=%2Fwp%2Fv2%2Ftags&post=672187"}],"curies":[{"name":"wp","href":"https:\/\/api.w.org\/{rel}","templated":true}]}}