{"id":672195,"date":"2025-06-19T00:00:08","date_gmt":"2025-06-19T06:00:08","guid":{"rendered":"https:\/\/www.diarioimagen.net\/?p=672195"},"modified":"2025-06-18T21:30:03","modified_gmt":"2025-06-19T03:30:03","slug":"subsidia-gem-mas-de-250-mdp-en-viajes-gratuitos-en-mexibus-y-mexicable","status":"publish","type":"post","link":"https:\/\/www.diarioimagen.net\/?p=672195","title":{"rendered":"Subsidia GEM m\u00e1s de 250 mdp en  viajes gratuitos en Mexib\u00fas y Mexicable"},"content":{"rendered":"<ul>\n<li><strong>Avanza en una transformaci\u00f3n profunda y humanista<\/strong><\/li>\n<li><strong>Brinda movilidad digna, gratuita y segura para adultos mayores y personas con discapacidad<\/strong><\/li>\n<\/ul>\n<div id=\"attachment_672196\" style=\"width: 369px\" class=\"wp-caption alignnone\"><img loading=\"lazy\" decoding=\"async\" aria-describedby=\"caption-attachment-672196\" class=\"wp-image-672196 size-large\" src=\"https:\/\/www.diarioimagen.net\/wp-content\/uploads\/2025\/06\/DELFINA-ok-1-359x270.jpg\" alt=\"\" width=\"359\" height=\"270\" srcset=\"https:\/\/www.diarioimagen.net\/wp-content\/uploads\/2025\/06\/DELFINA-ok-1-359x270.jpg 359w, https:\/\/www.diarioimagen.net\/wp-content\/uploads\/2025\/06\/DELFINA-ok-1-240x180.jpg 240w, https:\/\/www.diarioimagen.net\/wp-content\/uploads\/2025\/06\/DELFINA-ok-1-768x577.jpg 768w, https:\/\/www.diarioimagen.net\/wp-content\/uploads\/2025\/06\/DELFINA-ok-1.jpg 1500w\" sizes=\"auto, (max-width: 359px) 100vw, 359px\" \/><p id=\"caption-attachment-672196\" class=\"wp-caption-text\">El gobierno de Edomex destin\u00f3 una inversi\u00f3n hist\u00f3rica de 250.5 millones de pesos para garantizar movilidad digna, gratuita y segura a adultos mayores, personas con discapacidad, ni\u00f1as y ni\u00f1os menores de cinco a\u00f1os en el Mexib\u00fas y Mexicable.<\/p><\/div>\n<p>Toluca, M\u00e9x.- El Estado de M\u00e9xico avanza en una transformaci\u00f3n profunda y humanista, poniendo al centro a los m\u00e1s olvidados<\/p>\n<p>La gobernadora del Estado de M\u00e9xico, Delfina G\u00f3mez \u00c1lvarez, destin\u00f3 una inversi\u00f3n hist\u00f3rica de 250.5 millones de pesos para garantizar movilidad digna, gratuita y segura a adultos mayores, personas con discapacidad, ni\u00f1as y ni\u00f1os menores de cinco a\u00f1os en el Mexib\u00fas y Mexicable.<\/p>\n<p>&nbsp;<\/p>\n<p>En un acto de justicia social y verdadera inclusi\u00f3n, esta acci\u00f3n permiti\u00f3 subsidiar m\u00e1s de 26.1 millones de viajes gratuitos y transbordos sin costo en los sistemas de transporte Mexib\u00fas y Mexicable, del 1 de julio de 2024 al 8 de junio de 2025.<\/p>\n<p>&nbsp;<\/p>\n<p>Gracias a esta pol\u00edtica p\u00fablica de alto impacto social, adultos mayores, personas con discapacidad, ni\u00f1as y ni\u00f1os menores de cinco a\u00f1os de municipios como Ecatepec, Coacalco, Tlalnepantla, Tec\u00e1mac, Cuautitl\u00e1n Izcalli, Tultitl\u00e1n, Zumpango, Nezahualc\u00f3yotl, Chimalhuac\u00e1n y Chicoloapan han podido acceder a un transporte moderno, seguro y gratuito.<\/p>\n<p>&nbsp;<\/p>\n<p>&nbsp;<\/p>\n<p>Daniel Sibaja Gonz\u00e1lez, secretario de Movilidad inform\u00f3 que se han realizado 12.3 millones de viajes gratuitos:<\/p>\n<p>&nbsp;<\/p>\n<ul>\n<li>555 mil 878 para personas con discapacidad,<\/li>\n<\/ul>\n<p>&nbsp;<\/p>\n<ul>\n<li>11 millones 394 mil para adultos mayores, y<\/li>\n<\/ul>\n<p>&nbsp;<\/p>\n<ul>\n<li>448 mil para ni\u00f1as y ni\u00f1os menores de cinco a\u00f1os.<\/li>\n<\/ul>\n<p>&nbsp;<\/p>\n<p>Adem\u00e1s, 13.8 millones de viajes corresponden a transbordos sin costo entre l\u00edneas del Mexib\u00fas y Mexicable, facilitando traslados m\u00e1s r\u00e1pidos y accesibles.<\/p>\n<p>&nbsp;<\/p>\n<p>\u201cEn el Gobierno de Delfina G\u00f3mez, la movilidad se transforma con justicia, inclusi\u00f3n y dignidad. Esta es una acci\u00f3n concreta del nuevo modelo de gobierno que escucha y responde a las necesidades del pueblo\u201d, destac\u00f3 Sibaja Gonz\u00e1lez.<\/p>\n<p>&nbsp;<\/p>\n<p>Con estas acciones, el Estado de M\u00e9xico avanza en una transformaci\u00f3n profunda y humanista, poniendo al centro a los m\u00e1s olvidados, construyendo un sistema de transporte p\u00fablico que acorta distancias, conecta vidas y abre oportunidades.<\/p>\n<p>&nbsp;<\/p>\n<p>&nbsp;<\/p>\n","protected":false},"excerpt":{"rendered":"<p>Avanza en una transformaci\u00f3n profunda y humanista Brinda movilidad digna, gratuita y segura para adultos mayores y personas con discapacidad Toluca, M\u00e9x.- El Estado de M\u00e9xico avanza en una transformaci\u00f3n profunda y humanista, poniendo al centro a los m\u00e1s olvidados La gobernadora del Estado de M\u00e9xico, Delfina G\u00f3mez \u00c1lvarez, destin\u00f3 una inversi\u00f3n hist\u00f3rica de 250.5 [&hellip;]<\/p>\n","protected":false},"author":14,"featured_media":672196,"comment_status":"open","ping_status":"open","sticky":false,"template":"","format":"standard","meta":{"_monsterinsights_skip_tracking":false,"_monsterinsights_sitenote_active":false,"_monsterinsights_sitenote_note":"","_monsterinsights_sitenote_category":0,"footnotes":""},"categories":[5],"tags":[],"class_list":["post-672195","post","type-post","status-publish","format-standard","has-post-thumbnail","hentry","category-estado-de-mexico"],"_links":{"self":[{"href":"https:\/\/www.diarioimagen.net\/index.php?rest_route=\/wp\/v2\/posts\/672195","targetHints":{"allow":["GET"]}}],"collection":[{"href":"https:\/\/www.diarioimagen.net\/index.php?rest_route=\/wp\/v2\/posts"}],"about":[{"href":"https:\/\/www.diarioimagen.net\/index.php?rest_route=\/wp\/v2\/types\/post"}],"author":[{"embeddable":true,"href":"https:\/\/www.diarioimagen.net\/index.php?rest_route=\/wp\/v2\/users\/14"}],"replies":[{"embeddable":true,"href":"https:\/\/www.diarioimagen.net\/index.php?rest_route=%2Fwp%2Fv2%2Fcomments&post=672195"}],"version-history":[{"count":1,"href":"https:\/\/www.diarioimagen.net\/index.php?rest_route=\/wp\/v2\/posts\/672195\/revisions"}],"predecessor-version":[{"id":672197,"href":"https:\/\/www.diarioimagen.net\/index.php?rest_route=\/wp\/v2\/posts\/672195\/revisions\/672197"}],"wp:featuredmedia":[{"embeddable":true,"href":"https:\/\/www.diarioimagen.net\/index.php?rest_route=\/wp\/v2\/media\/672196"}],"wp:attachment":[{"href":"https:\/\/www.diarioimagen.net\/index.php?rest_route=%2Fwp%2Fv2%2Fmedia&parent=672195"}],"wp:term":[{"taxonomy":"category","embeddable":true,"href":"https:\/\/www.diarioimagen.net\/index.php?rest_route=%2Fwp%2Fv2%2Fcategories&post=672195"},{"taxonomy":"post_tag","embeddable":true,"href":"https:\/\/www.diarioimagen.net\/index.php?rest_route=%2Fwp%2Fv2%2Ftags&post=672195"}],"curies":[{"name":"wp","href":"https:\/\/api.w.org\/{rel}","templated":true}]}}