{"id":672201,"date":"2025-06-19T00:00:51","date_gmt":"2025-06-19T06:00:51","guid":{"rendered":"https:\/\/www.diarioimagen.net\/?p=672201"},"modified":"2025-06-18T21:33:01","modified_gmt":"2025-06-19T03:33:01","slug":"transforma-el-gem-infraestructura-escolar-en-97-planteles","status":"publish","type":"post","link":"https:\/\/www.diarioimagen.net\/?p=672201","title":{"rendered":"Transforma el GEM infraestructura escolar en 97 planteles"},"content":{"rendered":"<ul>\n<li><strong>En Ixtlahuaca y Jocotitl\u00e1n<\/strong><\/li>\n<\/ul>\n<div id=\"attachment_672202\" style=\"width: 408px\" class=\"wp-caption alignnone\"><img loading=\"lazy\" decoding=\"async\" aria-describedby=\"caption-attachment-672202\" class=\"wp-image-672202 size-large\" src=\"https:\/\/www.diarioimagen.net\/wp-content\/uploads\/2025\/06\/EDOMEX-2-ok-10-398x270.jpg\" alt=\"\" width=\"398\" height=\"270\" srcset=\"https:\/\/www.diarioimagen.net\/wp-content\/uploads\/2025\/06\/EDOMEX-2-ok-10-398x270.jpg 398w, https:\/\/www.diarioimagen.net\/wp-content\/uploads\/2025\/06\/EDOMEX-2-ok-10-240x163.jpg 240w, https:\/\/www.diarioimagen.net\/wp-content\/uploads\/2025\/06\/EDOMEX-2-ok-10-768x521.jpg 768w, https:\/\/www.diarioimagen.net\/wp-content\/uploads\/2025\/06\/EDOMEX-2-ok-10.jpg 1500w\" sizes=\"auto, (max-width: 398px) 100vw, 398px\" \/><p id=\"caption-attachment-672202\" class=\"wp-caption-text\">Miguel \u00c1ngel Hern\u00e1ndez Espejel, Secretario de Educaci\u00f3n, Ciencia, Tecnolog\u00eda e Innovaci\u00f3n encabez\u00f3 la entrega de apoyos en seis planteles sede, donde se concentraron los beneficios para escuelas de Ixtlahuaca y Jocotitl\u00e1n.<\/p><\/div>\n<p>&nbsp;<\/p>\n<p>&nbsp;<\/p>\n<p>&nbsp;<\/p>\n<p>Toluca, Estado de M\u00e9xico.\u2013 Con una inversi\u00f3n superior a 20 millones de pesos, el Gobierno del Estado de M\u00e9xico hizo entrega de infraestructura y equipamiento a 97 escuelas de educaci\u00f3n b\u00e1sica y media superior ubicadas en Ixtlahuaca y Jocotitl\u00e1n.<\/p>\n<p>&nbsp;<\/p>\n<p>Durante la gira \u201cSECTI en tu comunidad\u201d, Miguel \u00c1ngel Hern\u00e1ndez Espejel, Secretario de Educaci\u00f3n, Ciencia, Tecnolog\u00eda e Innovaci\u00f3n encabez\u00f3 la entrega de apoyos en seis planteles sede, donde se concentraron los beneficios para escuelas de la regi\u00f3n.<\/p>\n<p>\u201cLa instrucci\u00f3n de la Gobernadora Delfina G\u00f3mez es clara: garantizar espacios dignos y seguros para que los j\u00f3venes permanezcan en las aulas\u201d, afirm\u00f3 Hern\u00e1ndez Espejel.<\/p>\n<p>Entre las obras destacadas se encuentra la entrega de un taller de producci\u00f3n e industrializaci\u00f3n de alimentos en la Secundaria T\u00e9cnica No. 74 \u201cVicente Guerrero\u201d, en Ixtlahuaca, con una inversi\u00f3n de 3.4 millones de pesos.<\/p>\n<p>En la Preparatoria Oficial No. 313, tambi\u00e9n en Ixtlahuaca, se distribuyeron vales de mobiliario escolar con un valor de 5 millones de pesos, en beneficio de 50 planteles. El mismo plantel recibi\u00f3 mobiliario adicional por 221 mil pesos.<\/p>\n<p>Adem\u00e1s, en el Cobaem Plantel 40 se construyeron cuatro aulas y una escalera, con un costo de 3.7 millones de pesos.<\/p>\n<p>En Jocotitl\u00e1n, la Primaria \u201cFiliberto G\u00f3mez\u201d estren\u00f3 biblioteca, sala de c\u00f3mputo, sal\u00f3n de usos m\u00faltiples y malla cicl\u00f3nica, tras una inversi\u00f3n de 4.4 millones de pesos. En la E.S.T.A. No. 13 \u201cLic. Andr\u00e9s Molina Enr\u00edquez\u201d se canalizaron 4.17 millones de pesos en mobiliario escolar, distribuidos entre 47 escuelas.<\/p>\n<p>La gira cerr\u00f3 en el Tecnol\u00f3gico de Estudios Superiores de Jocotitl\u00e1n (TESJo), con la inauguraci\u00f3n del Centro de Investigaci\u00f3n, Innovaci\u00f3n Tecnol\u00f3gica y An\u00e1lisis de Sistemas (CIITASI), un Aula MasterClass y un laboratorio de qu\u00edmica, obras financiadas con recursos propios.<\/p>\n<p>Hern\u00e1ndez Espejel subray\u00f3 que la transformaci\u00f3n educativa no depende solo de la infraestructura, sino tambi\u00e9n de condiciones que favorezcan el aprendizaje.<\/p>\n<p>&nbsp;<\/p>\n<p>&nbsp;<\/p>\n","protected":false},"excerpt":{"rendered":"<p>En Ixtlahuaca y Jocotitl\u00e1n &nbsp; &nbsp; &nbsp; Toluca, Estado de M\u00e9xico.\u2013 Con una inversi\u00f3n superior a 20 millones de pesos, el Gobierno del Estado de M\u00e9xico hizo entrega de infraestructura y equipamiento a 97 escuelas de educaci\u00f3n b\u00e1sica y media superior ubicadas en Ixtlahuaca y Jocotitl\u00e1n. &nbsp; Durante la gira \u201cSECTI en tu comunidad\u201d, Miguel [&hellip;]<\/p>\n","protected":false},"author":14,"featured_media":672202,"comment_status":"open","ping_status":"open","sticky":false,"template":"","format":"standard","meta":{"_monsterinsights_skip_tracking":false,"_monsterinsights_sitenote_active":false,"_monsterinsights_sitenote_note":"","_monsterinsights_sitenote_category":0,"footnotes":""},"categories":[5],"tags":[],"class_list":["post-672201","post","type-post","status-publish","format-standard","has-post-thumbnail","hentry","category-estado-de-mexico"],"_links":{"self":[{"href":"https:\/\/www.diarioimagen.net\/index.php?rest_route=\/wp\/v2\/posts\/672201","targetHints":{"allow":["GET"]}}],"collection":[{"href":"https:\/\/www.diarioimagen.net\/index.php?rest_route=\/wp\/v2\/posts"}],"about":[{"href":"https:\/\/www.diarioimagen.net\/index.php?rest_route=\/wp\/v2\/types\/post"}],"author":[{"embeddable":true,"href":"https:\/\/www.diarioimagen.net\/index.php?rest_route=\/wp\/v2\/users\/14"}],"replies":[{"embeddable":true,"href":"https:\/\/www.diarioimagen.net\/index.php?rest_route=%2Fwp%2Fv2%2Fcomments&post=672201"}],"version-history":[{"count":1,"href":"https:\/\/www.diarioimagen.net\/index.php?rest_route=\/wp\/v2\/posts\/672201\/revisions"}],"predecessor-version":[{"id":672203,"href":"https:\/\/www.diarioimagen.net\/index.php?rest_route=\/wp\/v2\/posts\/672201\/revisions\/672203"}],"wp:featuredmedia":[{"embeddable":true,"href":"https:\/\/www.diarioimagen.net\/index.php?rest_route=\/wp\/v2\/media\/672202"}],"wp:attachment":[{"href":"https:\/\/www.diarioimagen.net\/index.php?rest_route=%2Fwp%2Fv2%2Fmedia&parent=672201"}],"wp:term":[{"taxonomy":"category","embeddable":true,"href":"https:\/\/www.diarioimagen.net\/index.php?rest_route=%2Fwp%2Fv2%2Fcategories&post=672201"},{"taxonomy":"post_tag","embeddable":true,"href":"https:\/\/www.diarioimagen.net\/index.php?rest_route=%2Fwp%2Fv2%2Ftags&post=672201"}],"curies":[{"name":"wp","href":"https:\/\/api.w.org\/{rel}","templated":true}]}}