{"id":672238,"date":"2025-06-19T00:00:08","date_gmt":"2025-06-19T06:00:08","guid":{"rendered":"https:\/\/www.diarioimagen.net\/?p=672238"},"modified":"2025-06-18T21:55:55","modified_gmt":"2025-06-19T03:55:55","slug":"alternativa-multipolar","status":"publish","type":"post","link":"https:\/\/www.diarioimagen.net\/?p=672238","title":{"rendered":"Alternativa multipolar"},"content":{"rendered":"<p>&nbsp;<\/p>\n<p><strong>\u00a0<\/strong><\/p>\n<p><strong>Aunque Pese<\/strong><strong>\u00a0Salvador Mart\u00ednez G.<\/strong><\/p>\n<p><strong>\u00a0<\/strong><\/p>\n<p><strong>\u00a0<\/strong><\/p>\n<p>&nbsp;<\/p>\n<p><strong>\u00a0<\/strong><\/p>\n<p>&nbsp;<\/p>\n<p>Este mi\u00e9rcoles inici\u00f3 la 28\u00aa edici\u00f3n del Foro Econ\u00f3mico Internacional de San Petersburgo, en el que participan al menos 140 pa\u00edses para establecer un di\u00e1logo global para explorar posibilidades de cooperaci\u00f3n internacional.<\/p>\n<p>En M\u00e9xico, poca difusi\u00f3n se da a este foro econ\u00f3mico, aun cuando es de gran relevancia consolidado como plataforma clave para el di\u00e1logo entre l\u00edderes de gobierno, ejecutivos de empresas y representantes de la sociedad civil.<\/p>\n<p>En esta edici\u00f3n, el tema central \u201cvalores compartidos: el fundamento del crecimiento en un mundo multipolar\u201d, toma mayor importancia ante las circunstancias geopol\u00edticas actuales con el conflicto en el Medio Oriente y la guerra de Ucrania.<\/p>\n<p>Con la participaci\u00f3n de China, India, Turqu\u00eda, Ir\u00e1n, Egipto, Emiratos \u00c1rabes Unidos y tambi\u00e9n pa\u00edses de Latinoam\u00e9rica como Brasil, Cuba y Nicaragua, el Foro, bajo los auspicios del presidente de Rusia, Vlad\u00edmir Putin, se presenta como alternativa ante otros eventos econ\u00f3micos internacionales de occidente.<\/p>\n<p>M\u00e9xico es uno de los pa\u00edses invitados, especialmente para su participaci\u00f3n en el panel Rusia-Latinoam\u00e9rica, del que se espera se puedan desprender inversiones hacia el subcontinente.<\/p>\n<p>Hasta el d\u00eda 20 de junio se extender\u00e1n los trabajos de este foro propio para explorar oportunidades de cooperaci\u00f3n econ\u00f3mica y comercial en un contexto de multipolaridad que, desde luego, no acepta con buenos ojos al T\u00edo Sam.<\/p>\n<p>Habr\u00e1 que estar atentos al desarrollo de la sesi\u00f3n plenaria del 20 de junio, en la que ofrecer\u00e1, adem\u00e1s de las conclusiones, un discurso de clausura de Putin, que ser\u00e1 muy esperado.<\/p>\n<p>&nbsp;<\/p>\n<p><strong>Susurros<\/strong><\/p>\n<p>&nbsp;<\/p>\n<p>La presidenta Claudia Sheinbaum destac\u00f3 la importancia del Corredor Interoce\u00e1nico del Istmo de Tehuantepec al revelar que a mediados del a\u00f1o 2026 est\u00e9 concluido con una longitud de m\u00e1s de mil 200 kil\u00f3metros que unir\u00e1n a los oc\u00e9anos Pac\u00edfico y Atl\u00e1ntico.<\/p>\n<p>Este es uno de los proyectos m\u00e1s ambiciosos del pa\u00eds, dentro del que se construyen diez parques industriales con inversi\u00f3n de 4 mil seiscientos millones de pesos, adem\u00e1s de dar una excelente alternativa para la movilidad del comercio mundial con mayores beneficios que el actual Canal de Panam\u00e1.<\/p>\n<p>Se ha informado que para dar mayor movilidad a los productos en la regi\u00f3n del Tren Maya ser\u00e1 tambi\u00e9n de carga y se ha invitado a Guatemala para ampliar la v\u00eda f\u00e9rrea hasta su pa\u00eds, para recibir mercancias con ventajas de transportacion.<\/p>\n<p>Este es realmente un gran proyecto.<\/p>\n<p><strong>\u00a0<\/strong><\/p>\n<p><strong>salvadormartinez@visionmx.com X: @salvador_mtz<\/strong><\/p>\n<p>&nbsp;<\/p>\n<p>&nbsp;<\/p>\n","protected":false},"excerpt":{"rendered":"<p>&nbsp; \u00a0 Aunque Pese\u00a0Salvador Mart\u00ednez G. \u00a0 \u00a0 &nbsp; \u00a0 &nbsp; Este mi\u00e9rcoles inici\u00f3 la 28\u00aa edici\u00f3n del Foro Econ\u00f3mico Internacional de San Petersburgo, en el que participan al menos 140 pa\u00edses para establecer un di\u00e1logo global para explorar posibilidades de cooperaci\u00f3n internacional. En M\u00e9xico, poca difusi\u00f3n se da a este foro econ\u00f3mico, aun cuando [&hellip;]<\/p>\n","protected":false},"author":14,"featured_media":0,"comment_status":"open","ping_status":"open","sticky":false,"template":"","format":"standard","meta":{"_monsterinsights_skip_tracking":false,"_monsterinsights_sitenote_active":false,"_monsterinsights_sitenote_note":"","_monsterinsights_sitenote_category":0,"footnotes":""},"categories":[4,96743],"tags":[],"class_list":["post-672238","post","type-post","status-publish","format-standard","hentry","category-opinion","category-salvador-martinez-garcia"],"_links":{"self":[{"href":"https:\/\/www.diarioimagen.net\/index.php?rest_route=\/wp\/v2\/posts\/672238","targetHints":{"allow":["GET"]}}],"collection":[{"href":"https:\/\/www.diarioimagen.net\/index.php?rest_route=\/wp\/v2\/posts"}],"about":[{"href":"https:\/\/www.diarioimagen.net\/index.php?rest_route=\/wp\/v2\/types\/post"}],"author":[{"embeddable":true,"href":"https:\/\/www.diarioimagen.net\/index.php?rest_route=\/wp\/v2\/users\/14"}],"replies":[{"embeddable":true,"href":"https:\/\/www.diarioimagen.net\/index.php?rest_route=%2Fwp%2Fv2%2Fcomments&post=672238"}],"version-history":[{"count":1,"href":"https:\/\/www.diarioimagen.net\/index.php?rest_route=\/wp\/v2\/posts\/672238\/revisions"}],"predecessor-version":[{"id":672239,"href":"https:\/\/www.diarioimagen.net\/index.php?rest_route=\/wp\/v2\/posts\/672238\/revisions\/672239"}],"wp:attachment":[{"href":"https:\/\/www.diarioimagen.net\/index.php?rest_route=%2Fwp%2Fv2%2Fmedia&parent=672238"}],"wp:term":[{"taxonomy":"category","embeddable":true,"href":"https:\/\/www.diarioimagen.net\/index.php?rest_route=%2Fwp%2Fv2%2Fcategories&post=672238"},{"taxonomy":"post_tag","embeddable":true,"href":"https:\/\/www.diarioimagen.net\/index.php?rest_route=%2Fwp%2Fv2%2Ftags&post=672238"}],"curies":[{"name":"wp","href":"https:\/\/api.w.org\/{rel}","templated":true}]}}