{"id":672240,"date":"2025-06-19T00:00:04","date_gmt":"2025-06-19T06:00:04","guid":{"rendered":"https:\/\/www.diarioimagen.net\/?p=672240"},"modified":"2025-06-18T21:57:16","modified_gmt":"2025-06-19T03:57:16","slug":"la-alcaldia-milpa-alta-se-suma-a-la-iniciativa-rutas-magicas-de-color","status":"publish","type":"post","link":"https:\/\/www.diarioimagen.net\/?p=672240","title":{"rendered":"La alcald\u00eda Milpa Alta  se suma a la iniciativa  Rutas M\u00e1gicas de Color  \u00a0"},"content":{"rendered":"<ul>\n<li><strong>Sectur pone en marcha \u201cLa Lucha Tiene Color\u201d<\/strong><\/li>\n<li><strong>&#8211; Promueven la inclusi\u00f3n social y fortalece el sentido de identidad local\u00a0\u00a0 &#8211;<\/strong> <strong>Se invita a m\u00e1s comunidades a sumarse para transformar sus entornos y mejorar la calidad de vida de sus habitantes<\/strong><\/li>\n<\/ul>\n<div id=\"attachment_672241\" style=\"width: 347px\" class=\"wp-caption alignnone\"><img loading=\"lazy\" decoding=\"async\" aria-describedby=\"caption-attachment-672241\" class=\"wp-image-672241 size-large\" src=\"https:\/\/www.diarioimagen.net\/wp-content\/uploads\/2025\/06\/SECTUR-337x270.jpg\" alt=\"\" width=\"337\" height=\"270\" srcset=\"https:\/\/www.diarioimagen.net\/wp-content\/uploads\/2025\/06\/SECTUR-337x270.jpg 337w, https:\/\/www.diarioimagen.net\/wp-content\/uploads\/2025\/06\/SECTUR-240x192.jpg 240w, https:\/\/www.diarioimagen.net\/wp-content\/uploads\/2025\/06\/SECTUR-768x615.jpg 768w, https:\/\/www.diarioimagen.net\/wp-content\/uploads\/2025\/06\/SECTUR-1536x1231.jpg 1536w, https:\/\/www.diarioimagen.net\/wp-content\/uploads\/2025\/06\/SECTUR-2048x1641.jpg 2048w\" sizes=\"auto, (max-width: 337px) 100vw, 337px\" \/><p id=\"caption-attachment-672241\" class=\"wp-caption-text\">El director general de Gesti\u00f3n Social de Destinos, Marte Luis Molina Orozco, de la Secretar\u00eda de Turismo, junto al alcalde de Milpa Alta, Jos\u00e9 Octavio Rivero Villase\u00f1or, dieron el brochazo inicial del programa La Lucha Tiene Color en esa demarcaci\u00f3n<\/p><\/div>\n<p>&nbsp;<\/p>\n<p>En representaci\u00f3n de la secretaria de Turismo del Gobierno de M\u00e9xico, Josefina Rodr\u00edguez Zamora, el director general de Gesti\u00f3n Social de Destinos, Marte Luis Molina Orozco, junto al alcalde de Milpa Alta, Jos\u00e9 Octavio Rivero Villase\u00f1or, dieron el brochazo inicial del programa La Lucha Tiene Color en esa alcald\u00eda, como parte de Rutas M\u00e1gicas de Color.<\/p>\n<p>Se trata de una estrategia que consiste en la realizaci\u00f3n de murales art\u00edsticos en espacios p\u00fablicos y la pinta de fachadas, la cual se lleva a cabo en coordinaci\u00f3n con las autoridades de los tres \u00f3rdenes de gobierno, as\u00ed como con aliados estrat\u00e9gicos como Comex y la asociaci\u00f3n civil Coraz\u00f3n Urbano.<\/p>\n<p>Molina Orozco subray\u00f3 que esta iniciativa no solo embellece los espacios, sino que se ha convertido en un motor de desarrollo integral para las comunidades, al fortalecer el tejido social mediante la participaci\u00f3n colectiva que fomenta la uni\u00f3n, el orgullo local y el sentido de pertenencia.<\/p>\n<p>Durante la entrega de materiales y equipo de pintura a brigadas, vecinos y voluntarios, enalteci\u00f3 su enfoque inclusivo y equitativo, al involucrar a grupos vulnerables para promover su voz y participaci\u00f3n.<\/p>\n<p>Tambi\u00e9n se\u00f1al\u00f3 que la implementaci\u00f3n de Rutas M\u00e1gicas de Color ha potenciado el turismo sostenible, ya que las localidades participantes atraen visitantes, dinamizan los emprendimientos locales y generan empleos.<\/p>\n<p>\u201cEn resumen, Rutas M\u00e1gicas de Color demuestra que el arte es una poderosa herramienta de transformaci\u00f3n. No solo pinta calles, sino que \u201cpinta futuro\u201d, es decir, revitaliza econom\u00edas, dignifica espacios p\u00fablicos y, sobre todo, devuelve a las comunidades la confianza en su potencial\u201d, se\u00f1al\u00f3.<\/p>\n<p>Molina Orozco agradeci\u00f3 el compromiso de la Alcald\u00eda Milpa Alta, de la asociaci\u00f3n Coraz\u00f3n Urbano y de Comex, por trabajar de manera conjunta en el embellecimiento y mejora de la imagen urbana, fortaleciendo as\u00ed el sentimiento de identidad en las comunidades.<\/p>\n<p>Finalmente, reiter\u00f3 la invitaci\u00f3n de la secretaria Josefina Rodr\u00edguez Zamora a todas las localidades del pa\u00eds para sumarse a esta iniciativa, generar un impacto social positivo y contribuir a mejorar la calidad de vida de sus habitantes.<\/p>\n<p>&nbsp;<\/p>\n<p>&nbsp;<\/p>\n<p>&nbsp;<\/p>\n<p>&nbsp;<\/p>\n","protected":false},"excerpt":{"rendered":"<p>Sectur pone en marcha \u201cLa Lucha Tiene Color\u201d &#8211; Promueven la inclusi\u00f3n social y fortalece el sentido de identidad local\u00a0\u00a0 &#8211; Se invita a m\u00e1s comunidades a sumarse para transformar sus entornos y mejorar la calidad de vida de sus habitantes &nbsp; En representaci\u00f3n de la secretaria de Turismo del Gobierno de M\u00e9xico, Josefina Rodr\u00edguez [&hellip;]<\/p>\n","protected":false},"author":14,"featured_media":672241,"comment_status":"open","ping_status":"open","sticky":false,"template":"","format":"standard","meta":{"_monsterinsights_skip_tracking":false,"_monsterinsights_sitenote_active":false,"_monsterinsights_sitenote_note":"","_monsterinsights_sitenote_category":0,"footnotes":""},"categories":[3],"tags":[],"class_list":["post-672240","post","type-post","status-publish","format-standard","has-post-thumbnail","hentry","category-nacional"],"_links":{"self":[{"href":"https:\/\/www.diarioimagen.net\/index.php?rest_route=\/wp\/v2\/posts\/672240","targetHints":{"allow":["GET"]}}],"collection":[{"href":"https:\/\/www.diarioimagen.net\/index.php?rest_route=\/wp\/v2\/posts"}],"about":[{"href":"https:\/\/www.diarioimagen.net\/index.php?rest_route=\/wp\/v2\/types\/post"}],"author":[{"embeddable":true,"href":"https:\/\/www.diarioimagen.net\/index.php?rest_route=\/wp\/v2\/users\/14"}],"replies":[{"embeddable":true,"href":"https:\/\/www.diarioimagen.net\/index.php?rest_route=%2Fwp%2Fv2%2Fcomments&post=672240"}],"version-history":[{"count":1,"href":"https:\/\/www.diarioimagen.net\/index.php?rest_route=\/wp\/v2\/posts\/672240\/revisions"}],"predecessor-version":[{"id":672242,"href":"https:\/\/www.diarioimagen.net\/index.php?rest_route=\/wp\/v2\/posts\/672240\/revisions\/672242"}],"wp:featuredmedia":[{"embeddable":true,"href":"https:\/\/www.diarioimagen.net\/index.php?rest_route=\/wp\/v2\/media\/672241"}],"wp:attachment":[{"href":"https:\/\/www.diarioimagen.net\/index.php?rest_route=%2Fwp%2Fv2%2Fmedia&parent=672240"}],"wp:term":[{"taxonomy":"category","embeddable":true,"href":"https:\/\/www.diarioimagen.net\/index.php?rest_route=%2Fwp%2Fv2%2Fcategories&post=672240"},{"taxonomy":"post_tag","embeddable":true,"href":"https:\/\/www.diarioimagen.net\/index.php?rest_route=%2Fwp%2Fv2%2Ftags&post=672240"}],"curies":[{"name":"wp","href":"https:\/\/api.w.org\/{rel}","templated":true}]}}