{"id":672249,"date":"2025-06-19T00:00:03","date_gmt":"2025-06-19T06:00:03","guid":{"rendered":"https:\/\/www.diarioimagen.net\/?p=672249"},"modified":"2025-06-18T22:01:03","modified_gmt":"2025-06-19T04:01:03","slug":"primera-mesa-de-dialogo-entre-autoridades-de-uaemex-y-el-movimiento-estudiantil","status":"publish","type":"post","link":"https:\/\/www.diarioimagen.net\/?p=672249","title":{"rendered":"Primera mesa de di\u00e1logo entre autoridades  de UAEM\u00e9x y el movimiento estudiantil"},"content":{"rendered":"<p>&nbsp;<\/p>\n<div id=\"attachment_672250\" style=\"width: 415px\" class=\"wp-caption alignnone\"><img loading=\"lazy\" decoding=\"async\" aria-describedby=\"caption-attachment-672250\" class=\"wp-image-672250 size-large\" src=\"https:\/\/www.diarioimagen.net\/wp-content\/uploads\/2025\/06\/UAEM-01-405x270.jpg\" alt=\"\" width=\"405\" height=\"270\" srcset=\"https:\/\/www.diarioimagen.net\/wp-content\/uploads\/2025\/06\/UAEM-01-405x270.jpg 405w, https:\/\/www.diarioimagen.net\/wp-content\/uploads\/2025\/06\/UAEM-01-240x160.jpg 240w, https:\/\/www.diarioimagen.net\/wp-content\/uploads\/2025\/06\/UAEM-01-768x512.jpg 768w, https:\/\/www.diarioimagen.net\/wp-content\/uploads\/2025\/06\/UAEM-01.jpg 1333w\" sizes=\"auto, (max-width: 405px) 100vw, 405px\" \/><p id=\"caption-attachment-672250\" class=\"wp-caption-text\">Primera mesa de di\u00e1logo entre autoridades<br \/>de UAEM\u00e9x y el movimiento estudiantil<\/p><\/div>\n<p><strong>\u00a0<\/strong><\/p>\n<p>Las y los integrantes de las comisiones Especial para el Di\u00e1logo y de Legislaci\u00f3n Universitaria del H. Consejo Universitario de la Universidad Aut\u00f3noma del Estado de M\u00e9xico (UAEM\u00e9x) participaron en la primera mesa de di\u00e1logo y trabajo con el Enjambre Estudiantil Unificado (EEU).<\/p>\n<p>En la Casa del Estudiante -Edificio Hist\u00f3rico de Rector\u00eda- y tras casi diez horas de trabajo, se acord\u00f3 entre el EEU y las comisiones seis acuerdos, entre los que destaca la ampliaci\u00f3n del periodo de la consulta sobre la propuesta de Reforma al Estatuto Universitario hasta el 25 de junio pr\u00f3ximo.<\/p>\n<p>Cabe destacar que estos acuerdos ser\u00e1n puestos a consideraci\u00f3n del pleno del M\u00e1ximo \u00d3rgano de Gobierno de la Aut\u00f3noma mexiquense para su an\u00e1lisis y eventual aprobaci\u00f3n.<\/p>\n<p>&nbsp;<\/p>\n","protected":false},"excerpt":{"rendered":"<p>&nbsp; \u00a0 Las y los integrantes de las comisiones Especial para el Di\u00e1logo y de Legislaci\u00f3n Universitaria del H. Consejo Universitario de la Universidad Aut\u00f3noma del Estado de M\u00e9xico (UAEM\u00e9x) participaron en la primera mesa de di\u00e1logo y trabajo con el Enjambre Estudiantil Unificado (EEU). En la Casa del Estudiante -Edificio Hist\u00f3rico de Rector\u00eda- y [&hellip;]<\/p>\n","protected":false},"author":14,"featured_media":672250,"comment_status":"open","ping_status":"open","sticky":false,"template":"","format":"standard","meta":{"_monsterinsights_skip_tracking":false,"_monsterinsights_sitenote_active":false,"_monsterinsights_sitenote_note":"","_monsterinsights_sitenote_category":0,"footnotes":""},"categories":[16,5],"tags":[],"class_list":["post-672249","post","type-post","status-publish","format-standard","has-post-thumbnail","hentry","category-destacadas","category-estado-de-mexico"],"_links":{"self":[{"href":"https:\/\/www.diarioimagen.net\/index.php?rest_route=\/wp\/v2\/posts\/672249","targetHints":{"allow":["GET"]}}],"collection":[{"href":"https:\/\/www.diarioimagen.net\/index.php?rest_route=\/wp\/v2\/posts"}],"about":[{"href":"https:\/\/www.diarioimagen.net\/index.php?rest_route=\/wp\/v2\/types\/post"}],"author":[{"embeddable":true,"href":"https:\/\/www.diarioimagen.net\/index.php?rest_route=\/wp\/v2\/users\/14"}],"replies":[{"embeddable":true,"href":"https:\/\/www.diarioimagen.net\/index.php?rest_route=%2Fwp%2Fv2%2Fcomments&post=672249"}],"version-history":[{"count":1,"href":"https:\/\/www.diarioimagen.net\/index.php?rest_route=\/wp\/v2\/posts\/672249\/revisions"}],"predecessor-version":[{"id":672251,"href":"https:\/\/www.diarioimagen.net\/index.php?rest_route=\/wp\/v2\/posts\/672249\/revisions\/672251"}],"wp:featuredmedia":[{"embeddable":true,"href":"https:\/\/www.diarioimagen.net\/index.php?rest_route=\/wp\/v2\/media\/672250"}],"wp:attachment":[{"href":"https:\/\/www.diarioimagen.net\/index.php?rest_route=%2Fwp%2Fv2%2Fmedia&parent=672249"}],"wp:term":[{"taxonomy":"category","embeddable":true,"href":"https:\/\/www.diarioimagen.net\/index.php?rest_route=%2Fwp%2Fv2%2Fcategories&post=672249"},{"taxonomy":"post_tag","embeddable":true,"href":"https:\/\/www.diarioimagen.net\/index.php?rest_route=%2Fwp%2Fv2%2Ftags&post=672249"}],"curies":[{"name":"wp","href":"https:\/\/api.w.org\/{rel}","templated":true}]}}