{"id":672252,"date":"2025-06-19T00:00:13","date_gmt":"2025-06-19T06:00:13","guid":{"rendered":"https:\/\/www.diarioimagen.net\/?p=672252"},"modified":"2025-06-18T22:02:09","modified_gmt":"2025-06-19T04:02:09","slug":"logro-redondo-de-claudia-sheinbaum-en-su-viaje-a-canada","status":"publish","type":"post","link":"https:\/\/www.diarioimagen.net\/?p=672252","title":{"rendered":"Logro redondo de Claudia  Sheinbaum en su viaje a Canad\u00e1"},"content":{"rendered":"<p>&nbsp;<\/p>\n<p><strong>\u00a0<\/strong><\/p>\n<p><strong>TRAS LA PUERTA DEL PODER\u00a0 <\/strong>Roberto Vizca\u00edno<\/p>\n<p>&nbsp;<\/p>\n<p>&nbsp;<\/p>\n<p><strong>\u00a0<\/strong><\/p>\n<p>Si algo le pod\u00eda salir bien a la presidenta\u00a0<strong>Claudia Sheinbaum<\/strong>\u00a0ese fue su viaje a Canad\u00e1 para participar en el G7.<\/p>\n<p>Al final, el inesperado y temprano retiro del presidente\u00a0<strong>Donald Trump<\/strong>\u00a0-por lo del conflicto Ir\u00e1n-Israel- le evit\u00f3 a la mandataria mexicana correr el riesgo de un primer encuentro personal con el impredecible, muy voluble y abusivo presidente norteamericano que suele mofarse de sus interlocutores y someterlos a la burla p\u00fablica.<\/p>\n<p>Y m\u00e1s, cuando existe un cuadro de negociaci\u00f3n e intereses tan encontrados como el de este momento en la relaci\u00f3n bilateral M\u00e9xico-Estados Unidos.<\/p>\n<p>Muchos temimos que el primer encuentro cara a cara entre la presidenta\u00a0<strong>Sheinbaum y Trump<\/strong>\u00a0fuese a resultar en un tremendo y costoso escarnio para la mexicana.<\/p>\n<p>El regreso de emergencia de\u00a0<strong>Trump<\/strong>\u00a0a Washington evit\u00f3 ese riesgo. Y luego hubo un dialogo telef\u00f3nico de unos 20 minutos en el que\u00a0<strong>Sheinbaum<\/strong>\u00a0le plante\u00f3 a\u00a0<strong>Trump\u00a0<\/strong>avanzar ya en un acuerdo m\u00faltiple, que incluya un nuevo arreglo sobre migraci\u00f3n, seguridad y comercio.<\/p>\n<p><strong>Trump\u00a0<\/strong>intent\u00f3 atraer a la mandataria mexicana al sugerirle que de regreso a M\u00e9xico se desviara a Washington para verla en la Casa Blanca. Ella se disculp\u00f3 y dijo no poder hacerlo por tener que ver los temas mexicanos.<\/p>\n<p>Eso fue un segundo acierto de\u00a0<strong>Sheinbaum<\/strong>\u00a0para mantenerse lejos del escenario de\u00a0<strong>Trump<\/strong>.<\/p>\n<p>Sin ese peso encima, ya a salvo del encuentro personal con el norteamericano, la Presidenta mexicana se mostr\u00f3 con buen car\u00e1cter y humor en el foro de los mandatarios m\u00e1s poderosos del mundo y sent\u00f3 el precedente de que su gobierno s\u00ed acude a estos encuentros, de nuevo.<\/p>\n<p>As\u00ed, convivi\u00f3 y convers\u00f3, habl\u00f3 ante ellos, lo mismo con el presidente de Francia, con el medi\u00e1tico\u00a0<strong>Emmanuel Macron<\/strong>\u00a0(quien esta vez apareci\u00f3 sin esposa); con el primer ministro de Canad\u00e1, su anfitri\u00f3n y socio dentro del T-MEC\u00a0<strong>Mark Carney<\/strong>\u00a0-a quien le regal\u00f3 un bal\u00f3n de futbol con arte huichol-, y con\u00a0<strong>Luiz In\u00e1cio Lula da Silva<\/strong>, presidente de Brasil, as\u00ed como con el primer Ministro de India,\u00a0<strong>Narendra Damodardas Modi<\/strong>, con quien habl\u00f3 largo y convino encuentro posterior; con el primer ministro de Jap\u00f3n,\u00a0<strong>Shigeru Ishiba<\/strong>; la primer ministro de Italia,\u00a0<strong>Giorgia Meloni<\/strong>; el canciller alem\u00e1n\u00a0<strong>Friedrich Merz,\u00a0<\/strong>con el presidente del Consejo Europeo,\u00a0<strong>Ant\u00f3nio Costa,\u00a0<\/strong>y con la presidenta de la Comisi\u00f3n Europea<strong>, Ursula von der Leyen<\/strong>, con quien habl\u00f3 de su pr\u00f3xima visita a M\u00e9xico para firmar el nuevo tratado comercial.<\/p>\n<p>Un importante encuentro con todos ellos que le permiti\u00f3 a todos conocer personalmente por primera vez a la presidenta de M\u00e9xico.<\/p>\n<p>En su intervenci\u00f3n ante ese grupo, Sheinbaum record\u00f3 que M\u00e9xico siempre ha tenido una posici\u00f3n antidesarme y en favor de la paz y el bienestar econ\u00f3mico y un comercio justo.<\/p>\n<p>Por ello les propuso ir a la realizaci\u00f3n de una cumbre por el bienestar y la paz.<\/p>\n<p>Redondo, pues, su viaje.<\/p>\n<p>&nbsp;<\/p>\n<p><strong>Recela oposici\u00f3n en Senado de iniciativa<\/strong><\/p>\n<p>&nbsp;<\/p>\n<p>La oposici\u00f3n en el Senado ve con reserva la iniciativa que reforma la Ley Federal para la Prevenci\u00f3n e Identificaci\u00f3n de Operaciones con Recursos de Procedencia Il\u00edcita, porque permitir\u00eda el acceso total y sin orden judicial a la informaci\u00f3n personal de los mexicanos por parte de la Secretar\u00eda de Hacienda, indican.<\/p>\n<p>En este contexto,\u00a0<strong>Alejandra Barrales,<\/strong>\u00a0vicecoordinadora de MC, dijo que su grupo se abstendr\u00e1 a participar en esa votaci\u00f3n dentro de las comisiones unidas de Justicia y de Estudios Legislativos.<\/p>\n<p>Barrales dijo que su aprobaci\u00f3n en las condiciones en que se ha presentado, representa un grave riesgo para la privacidad y la preservaci\u00f3n de los derechos humanos de las y los mexicanos.<\/p>\n<p>Esta iniciativa, advierten los opositores en la c\u00e1mara alta, contiene una definici\u00f3n ambigua del concepto de \u201cpersonas pol\u00edticamente expuestas\u201d, bajo criterios amplios y discrecionales que ser\u00e1n definidos por la misma Secretar\u00eda de Hacienda, lo que abre la puerta a persecuciones selectivas de naturaleza pol\u00edtica.<\/p>\n<p>Esto porque se incluye a funcionarios, exfuncionarios y personas vinculadas como asesores, familiares o cualquier persona \u201crelacionada\u201d a criterio de la autoridad, sin claridad ni controles.<\/p>\n<p>&nbsp;<\/p>\n<p><strong>La Unila promueve gesti\u00f3n deportiva con nueva licenciatura<\/strong><\/p>\n<p>&nbsp;<\/p>\n<p><strong>Roberto Medrano<\/strong>, vice-rector de la Universidad Latina (Unila), anunci\u00f3 ayer la apertura de una nueva carrera para impulsar el deporte en M\u00e9xico.<\/p>\n<p>Dijo que este centro de estudios considera que esta nueva c\u00e1tedra de Licenciatura en Gesti\u00f3n y Liderazgo Deportivo capacitar\u00e1 a un importante n\u00famero de estudiantes al asumir el impulso del deporte como motor de desarrollo.<\/p>\n<p>Esta nueva oferta acad\u00e9mica tiene como objetivo fomentar la correcta aplicaci\u00f3n de la gesti\u00f3n deportiva a trav\u00e9s de un enfoque profesional y actualizado, agreg\u00f3.<\/p>\n<p>El programa es impartido por docentes expertos con amplia trayectoria en el \u00e1mbito deportivo y organizacional. Con esta iniciativa, Unila busca formar l\u00edderes capaces de dirigir equipos deportivos, organizar eventos y generar estrategias en el sector.<\/p>\n<p>La licenciatura ya est\u00e1 disponible en su modalidad escolarizada en los Campus Cuernavaca y Cuautla.<\/p>\n<p>&nbsp;<\/p>\n<p>\/ Twitter: @_Vizcaino \/ Facebook<\/p>\n<p>\/\u00a0<a href=\"https:\/\/www.facebook.com\/rvizcainoa\">https:\/\/www.facebook.com\/rvizcainoa<\/a><\/p>\n<p>&nbsp;<\/p>\n","protected":false},"excerpt":{"rendered":"<p>&nbsp; \u00a0 TRAS LA PUERTA DEL PODER\u00a0 Roberto Vizca\u00edno &nbsp; &nbsp; \u00a0 Si algo le pod\u00eda salir bien a la presidenta\u00a0Claudia Sheinbaum\u00a0ese fue su viaje a Canad\u00e1 para participar en el G7. Al final, el inesperado y temprano retiro del presidente\u00a0Donald Trump\u00a0-por lo del conflicto Ir\u00e1n-Israel- le evit\u00f3 a la mandataria mexicana correr el riesgo [&hellip;]<\/p>\n","protected":false},"author":14,"featured_media":0,"comment_status":"open","ping_status":"open","sticky":false,"template":"","format":"standard","meta":{"_monsterinsights_skip_tracking":false,"_monsterinsights_sitenote_active":false,"_monsterinsights_sitenote_note":"","_monsterinsights_sitenote_category":0,"footnotes":""},"categories":[4,136],"tags":[],"class_list":["post-672252","post","type-post","status-publish","format-standard","hentry","category-opinion","category-roberto-vizcaino-opinion"],"_links":{"self":[{"href":"https:\/\/www.diarioimagen.net\/index.php?rest_route=\/wp\/v2\/posts\/672252","targetHints":{"allow":["GET"]}}],"collection":[{"href":"https:\/\/www.diarioimagen.net\/index.php?rest_route=\/wp\/v2\/posts"}],"about":[{"href":"https:\/\/www.diarioimagen.net\/index.php?rest_route=\/wp\/v2\/types\/post"}],"author":[{"embeddable":true,"href":"https:\/\/www.diarioimagen.net\/index.php?rest_route=\/wp\/v2\/users\/14"}],"replies":[{"embeddable":true,"href":"https:\/\/www.diarioimagen.net\/index.php?rest_route=%2Fwp%2Fv2%2Fcomments&post=672252"}],"version-history":[{"count":1,"href":"https:\/\/www.diarioimagen.net\/index.php?rest_route=\/wp\/v2\/posts\/672252\/revisions"}],"predecessor-version":[{"id":672253,"href":"https:\/\/www.diarioimagen.net\/index.php?rest_route=\/wp\/v2\/posts\/672252\/revisions\/672253"}],"wp:attachment":[{"href":"https:\/\/www.diarioimagen.net\/index.php?rest_route=%2Fwp%2Fv2%2Fmedia&parent=672252"}],"wp:term":[{"taxonomy":"category","embeddable":true,"href":"https:\/\/www.diarioimagen.net\/index.php?rest_route=%2Fwp%2Fv2%2Fcategories&post=672252"},{"taxonomy":"post_tag","embeddable":true,"href":"https:\/\/www.diarioimagen.net\/index.php?rest_route=%2Fwp%2Fv2%2Ftags&post=672252"}],"curies":[{"name":"wp","href":"https:\/\/api.w.org\/{rel}","templated":true}]}}