{"id":672366,"date":"2025-06-20T00:00:04","date_gmt":"2025-06-20T06:00:04","guid":{"rendered":"https:\/\/www.diarioimagen.net\/?p=672366"},"modified":"2025-06-19T20:38:16","modified_gmt":"2025-06-20T02:38:16","slug":"plantean-agenda-de-trabajo-para-el-prd-centrada-en-la-justicia-cotidiana","status":"publish","type":"post","link":"https:\/\/www.diarioimagen.net\/?p=672366","title":{"rendered":"Plantean agenda de trabajo para el  PRD centrada en la justicia cotidiana"},"content":{"rendered":"<ul>\n<li><strong>Llamado a regresar a sus or\u00edgenes ciudadanos <\/strong><\/li>\n<\/ul>\n<p><strong>\u00a0<\/strong><\/p>\n<p><strong>\u00a0<\/strong><\/p>\n<div id=\"attachment_672367\" style=\"width: 452px\" class=\"wp-caption alignnone\"><img loading=\"lazy\" decoding=\"async\" aria-describedby=\"caption-attachment-672367\" class=\"wp-image-672367 size-large\" src=\"https:\/\/www.diarioimagen.net\/wp-content\/uploads\/2025\/06\/BAENA2-ok-442x270.jpg\" alt=\"\" width=\"442\" height=\"270\" srcset=\"https:\/\/www.diarioimagen.net\/wp-content\/uploads\/2025\/06\/BAENA2-ok-442x270.jpg 442w, https:\/\/www.diarioimagen.net\/wp-content\/uploads\/2025\/06\/BAENA2-ok-240x147.jpg 240w, https:\/\/www.diarioimagen.net\/wp-content\/uploads\/2025\/06\/BAENA2-ok-768x469.jpg 768w, https:\/\/www.diarioimagen.net\/wp-content\/uploads\/2025\/06\/BAENA2-ok.jpg 1500w\" sizes=\"auto, (max-width: 442px) 100vw, 442px\" \/><p id=\"caption-attachment-672367\" class=\"wp-caption-text\">El ex senador perredista Miguel \u00c1ngel Mancera dict\u00f3 la conferencia magistral \u201cLa reforma urgente a las fiscal\u00edas\u201d, en la que plante\u00f3 una agenda de trabajo para el PRD centrada en la justicia cotidiana.<\/p><\/div>\n<p>&nbsp;<\/p>\n<p>Toluca, M\u00e9x.- Miguel \u00c1ngel Mancera Espinosa, ex jefe de gobierno de la CDMX, dict\u00f3 la conferencia magistral \u201cLa reforma urgente a las fiscal\u00edas\u201d, en la que plante\u00f3 una agenda de trabajo para el PRD centrada en la justicia cotidiana, el fortalecimiento de las fiscal\u00edas y la atenci\u00f3n a causas ciudadanas concretas.<\/p>\n<p>&nbsp;<\/p>\n<p>Mancera Espinosa\u00a0 llam\u00f3 a dejar de lado los tecnicismos y concentrarse en aquello que verdaderamente impacta en la vida de las personas: \u201c\u00bfQu\u00e9 podemos hacer desde el Estado de M\u00e9xico? Lo que s\u00ed podemos cambiar son las leyes locales, ayudar a las personas en sus tr\u00e1mites de escrituraci\u00f3n, en sucesiones, en pensiones alimenticias.<\/p>\n<p>&nbsp;<\/p>\n<p>Frente a Arturo Pi\u00f1a Garc\u00eda, presidente del PRD Estado de M\u00e9xico, as\u00ed como de los integrantes de la direcci\u00f3n estatal y de los \u00f3rganos de direcci\u00f3n, Mancera subray\u00f3 que el PRD tiene una historia de lucha en temas fundamentales como la paridad de g\u00e9nero, la defensa de los derechos de los adultos mayores, el salario m\u00ednimo y los derechos de las trabajadoras del hogar.<\/p>\n<p>&nbsp;<\/p>\n<p>\u201cPor m\u00e1s que se quiera borrar al PRD, su historia est\u00e1 escrita en la memoria y en los avances sociales que hemos conseguido\u201d, afirm\u00f3.<\/p>\n<p>&nbsp;<\/p>\n<p>Sobre el tema de las fiscal\u00edas, el ex senador sostuvo que la llamada autonom\u00eda de estas instituciones sigue siendo una deuda pendiente, pues persiste un control pol\u00edtico que impide su verdadero funcionamiento independiente. \u201cIncluso ya se plantea regresar al modelo donde el Ejecutivo nombra directamente a los fiscales. Eso ser\u00eda un retroceso\u201d, advirti\u00f3.<\/p>\n<p>&nbsp;<\/p>\n<p>En su diagn\u00f3stico, el ex mandatario capitalino se\u00f1al\u00f3 que la pol\u00edtica criminal federal ha cambiado, endureciendo el castigo y ampliando la prisi\u00f3n preventiva: \u201cLo que se est\u00e1 haciendo ahora es encarcelar a m\u00e1s personas. En 2017 hab\u00eda 200 mil personas privadas de la libertad; al cierre de 2023 la cifra fue de 233 mil. Eso es un cambio radical\u201d, puntualiz\u00f3.<\/p>\n<p>&nbsp;<\/p>\n<p>&nbsp;<\/p>\n","protected":false},"excerpt":{"rendered":"<p>Llamado a regresar a sus or\u00edgenes ciudadanos \u00a0 \u00a0 &nbsp; Toluca, M\u00e9x.- Miguel \u00c1ngel Mancera Espinosa, ex jefe de gobierno de la CDMX, dict\u00f3 la conferencia magistral \u201cLa reforma urgente a las fiscal\u00edas\u201d, en la que plante\u00f3 una agenda de trabajo para el PRD centrada en la justicia cotidiana, el fortalecimiento de las fiscal\u00edas y [&hellip;]<\/p>\n","protected":false},"author":14,"featured_media":672367,"comment_status":"open","ping_status":"open","sticky":false,"template":"","format":"standard","meta":{"_monsterinsights_skip_tracking":false,"_monsterinsights_sitenote_active":false,"_monsterinsights_sitenote_note":"","_monsterinsights_sitenote_category":0,"footnotes":""},"categories":[5],"tags":[],"class_list":["post-672366","post","type-post","status-publish","format-standard","has-post-thumbnail","hentry","category-estado-de-mexico"],"_links":{"self":[{"href":"https:\/\/www.diarioimagen.net\/index.php?rest_route=\/wp\/v2\/posts\/672366","targetHints":{"allow":["GET"]}}],"collection":[{"href":"https:\/\/www.diarioimagen.net\/index.php?rest_route=\/wp\/v2\/posts"}],"about":[{"href":"https:\/\/www.diarioimagen.net\/index.php?rest_route=\/wp\/v2\/types\/post"}],"author":[{"embeddable":true,"href":"https:\/\/www.diarioimagen.net\/index.php?rest_route=\/wp\/v2\/users\/14"}],"replies":[{"embeddable":true,"href":"https:\/\/www.diarioimagen.net\/index.php?rest_route=%2Fwp%2Fv2%2Fcomments&post=672366"}],"version-history":[{"count":1,"href":"https:\/\/www.diarioimagen.net\/index.php?rest_route=\/wp\/v2\/posts\/672366\/revisions"}],"predecessor-version":[{"id":672368,"href":"https:\/\/www.diarioimagen.net\/index.php?rest_route=\/wp\/v2\/posts\/672366\/revisions\/672368"}],"wp:featuredmedia":[{"embeddable":true,"href":"https:\/\/www.diarioimagen.net\/index.php?rest_route=\/wp\/v2\/media\/672367"}],"wp:attachment":[{"href":"https:\/\/www.diarioimagen.net\/index.php?rest_route=%2Fwp%2Fv2%2Fmedia&parent=672366"}],"wp:term":[{"taxonomy":"category","embeddable":true,"href":"https:\/\/www.diarioimagen.net\/index.php?rest_route=%2Fwp%2Fv2%2Fcategories&post=672366"},{"taxonomy":"post_tag","embeddable":true,"href":"https:\/\/www.diarioimagen.net\/index.php?rest_route=%2Fwp%2Fv2%2Ftags&post=672366"}],"curies":[{"name":"wp","href":"https:\/\/api.w.org\/{rel}","templated":true}]}}