{"id":672372,"date":"2025-06-20T00:00:59","date_gmt":"2025-06-20T06:00:59","guid":{"rendered":"https:\/\/www.diarioimagen.net\/?p=672372"},"modified":"2025-06-19T20:41:23","modified_gmt":"2025-06-20T02:41:23","slug":"entregan-mas-de-11-mil-apoyos-en-huixquilucan","status":"publish","type":"post","link":"https:\/\/www.diarioimagen.net\/?p=672372","title":{"rendered":"Entregan m\u00e1s de 11 mil\u00a0apoyos en Huixquilucan\u00a0"},"content":{"rendered":"<p>&nbsp;<\/p>\n<p><img loading=\"lazy\" decoding=\"async\" class=\"alignnone wp-image-672373 size-large\" src=\"https:\/\/www.diarioimagen.net\/wp-content\/uploads\/2025\/06\/BAENA-4-ok-14-405x270.jpg\" alt=\"\" width=\"405\" height=\"270\" srcset=\"https:\/\/www.diarioimagen.net\/wp-content\/uploads\/2025\/06\/BAENA-4-ok-14-405x270.jpg 405w, https:\/\/www.diarioimagen.net\/wp-content\/uploads\/2025\/06\/BAENA-4-ok-14-240x160.jpg 240w, https:\/\/www.diarioimagen.net\/wp-content\/uploads\/2025\/06\/BAENA-4-ok-14-768x512.jpg 768w, https:\/\/www.diarioimagen.net\/wp-content\/uploads\/2025\/06\/BAENA-4-ok-14.jpg 1500w\" sizes=\"auto, (max-width: 405px) 100vw, 405px\" \/><\/p>\n<p>Huixquilucan, M\u00e9x.- El gobierno de esta localidad inici\u00f3 con la entrega de m\u00e1s de 11 mil 450 apoyos de las tarjetas \u201cFamiliar\u201d, \u201cMam\u00e1 Soltera\u201d, \u201cPersonas con Discapacidad\u201d y \u201cPlateada\u201d, pertenecientes al Sistema Municipal DIF, en beneficio de las familias que enfrentan una situaci\u00f3n vulnerable, con el prop\u00f3sito de apoyar su econom\u00eda familiar y respaldar la atenci\u00f3n de sus necesidades b\u00e1sicas. Durante la entrega de apoyos a beneficiarios de comunidades de la Zona Tradicional, la alcaldesa Romina Contreras Carrasco se\u00f1al\u00f3 que el prop\u00f3sito de este programa es brindar un apoyo econ\u00f3mico a los sectores que m\u00e1s lo necesitan en las 49 comunidades que conforman Huixquilucan, como adultos mayores, madres solteras, personas con discapacidad y las jefas y jefes de familia, para ayudarles en los gastos diarios.<\/p>\n<p>&nbsp;<\/p>\n<p>&nbsp;<\/p>\n<p>&nbsp;<\/p>\n<p>\u201cHoy estamos entregando 11 mil 450 tarjetas, que incluye la Tarjeta Plateada, que es para todos nuestros adultos mayores; la Tarjeta de Mam\u00e1 Soltera, la Tarjeta para Personas con Discapacidad y la Tarjeta Familiar. Este a\u00f1o vamos a invertir 28 millones de pesos en 11 mil 450 tarjetas. Hoy hicimos la primera entrega y el pr\u00f3ximo semestre haremos la segunda\u201d, expres\u00f3.<\/p>\n<p>&nbsp;<\/p>\n","protected":false},"excerpt":{"rendered":"<p>&nbsp; Huixquilucan, M\u00e9x.- El gobierno de esta localidad inici\u00f3 con la entrega de m\u00e1s de 11 mil 450 apoyos de las tarjetas \u201cFamiliar\u201d, \u201cMam\u00e1 Soltera\u201d, \u201cPersonas con Discapacidad\u201d y \u201cPlateada\u201d, pertenecientes al Sistema Municipal DIF, en beneficio de las familias que enfrentan una situaci\u00f3n vulnerable, con el prop\u00f3sito de apoyar su econom\u00eda familiar y respaldar [&hellip;]<\/p>\n","protected":false},"author":14,"featured_media":672373,"comment_status":"open","ping_status":"open","sticky":false,"template":"","format":"standard","meta":{"_monsterinsights_skip_tracking":false,"_monsterinsights_sitenote_active":false,"_monsterinsights_sitenote_note":"","_monsterinsights_sitenote_category":0,"footnotes":""},"categories":[5],"tags":[],"class_list":["post-672372","post","type-post","status-publish","format-standard","has-post-thumbnail","hentry","category-estado-de-mexico"],"_links":{"self":[{"href":"https:\/\/www.diarioimagen.net\/index.php?rest_route=\/wp\/v2\/posts\/672372","targetHints":{"allow":["GET"]}}],"collection":[{"href":"https:\/\/www.diarioimagen.net\/index.php?rest_route=\/wp\/v2\/posts"}],"about":[{"href":"https:\/\/www.diarioimagen.net\/index.php?rest_route=\/wp\/v2\/types\/post"}],"author":[{"embeddable":true,"href":"https:\/\/www.diarioimagen.net\/index.php?rest_route=\/wp\/v2\/users\/14"}],"replies":[{"embeddable":true,"href":"https:\/\/www.diarioimagen.net\/index.php?rest_route=%2Fwp%2Fv2%2Fcomments&post=672372"}],"version-history":[{"count":1,"href":"https:\/\/www.diarioimagen.net\/index.php?rest_route=\/wp\/v2\/posts\/672372\/revisions"}],"predecessor-version":[{"id":672374,"href":"https:\/\/www.diarioimagen.net\/index.php?rest_route=\/wp\/v2\/posts\/672372\/revisions\/672374"}],"wp:featuredmedia":[{"embeddable":true,"href":"https:\/\/www.diarioimagen.net\/index.php?rest_route=\/wp\/v2\/media\/672373"}],"wp:attachment":[{"href":"https:\/\/www.diarioimagen.net\/index.php?rest_route=%2Fwp%2Fv2%2Fmedia&parent=672372"}],"wp:term":[{"taxonomy":"category","embeddable":true,"href":"https:\/\/www.diarioimagen.net\/index.php?rest_route=%2Fwp%2Fv2%2Fcategories&post=672372"},{"taxonomy":"post_tag","embeddable":true,"href":"https:\/\/www.diarioimagen.net\/index.php?rest_route=%2Fwp%2Fv2%2Ftags&post=672372"}],"curies":[{"name":"wp","href":"https:\/\/api.w.org\/{rel}","templated":true}]}}