{"id":672539,"date":"2025-06-23T00:00:13","date_gmt":"2025-06-23T06:00:13","guid":{"rendered":"https:\/\/www.diarioimagen.net\/?p=672539"},"modified":"2025-06-22T20:54:09","modified_gmt":"2025-06-23T02:54:09","slug":"lluvia-frio-o-sol-no-detienen-a-trabajadores-suteymistas-afirma-tomas-palomares-parra","status":"publish","type":"post","link":"https:\/\/www.diarioimagen.net\/?p=672539","title":{"rendered":"Lluvia, fr\u00edo o sol \u00a0no detienen a trabajadores  Suteymistas, afirma Tomas \u00a0Palomares\u00a0Parra"},"content":{"rendered":"<ul>\n<li><strong>Permanente atenci\u00f3n a la ciudadan\u00eda<\/strong><\/li>\n<\/ul>\n<p><strong>\u00a0<\/strong><\/p>\n<div id=\"attachment_672540\" style=\"width: 456px\" class=\"wp-caption alignnone\"><img loading=\"lazy\" decoding=\"async\" aria-describedby=\"caption-attachment-672540\" class=\"wp-image-672540 size-large\" src=\"https:\/\/www.diarioimagen.net\/wp-content\/uploads\/2025\/06\/BAENA-1-ok-14-446x270.jpg\" alt=\"\" width=\"446\" height=\"270\" srcset=\"https:\/\/www.diarioimagen.net\/wp-content\/uploads\/2025\/06\/BAENA-1-ok-14-446x270.jpg 446w, https:\/\/www.diarioimagen.net\/wp-content\/uploads\/2025\/06\/BAENA-1-ok-14-240x145.jpg 240w, https:\/\/www.diarioimagen.net\/wp-content\/uploads\/2025\/06\/BAENA-1-ok-14-768x465.jpg 768w, https:\/\/www.diarioimagen.net\/wp-content\/uploads\/2025\/06\/BAENA-1-ok-14-1536x930.jpg 1536w, https:\/\/www.diarioimagen.net\/wp-content\/uploads\/2025\/06\/BAENA-1-ok-14-2048x1240.jpg 2048w\" sizes=\"auto, (max-width: 446px) 100vw, 446px\" \/><p id=\"caption-attachment-672540\" class=\"wp-caption-text\">Tom\u00e1s Palomares Parra, secretario general del SUTEyM en Naucalpan, reconoci\u00f3 las acciones que realizan los trabajadores sindicalizados.<\/p><\/div>\n<p>&nbsp;<\/p>\n<p>Por Arturo Baena<\/p>\n<p>&nbsp;<\/p>\n<p>Naucalpan, M\u00e9x.- Con tormentas, huracanes, lluvias, fr\u00edo o sol, los suteymistas tenemos la obligaci\u00f3n, brindar servicios de recolecci\u00f3n de basura, iluminaci\u00f3n, podas, desazolves y atenci\u00f3n directa a la ciudadan\u00eda y \u00a0esta temporada pluvial, no ser\u00e1 la excepci\u00f3n, pues es cuando los naucalpenses m\u00e1s nos necesitan.<\/p>\n<p>&nbsp;<\/p>\n<p>Expres\u00f3 lo anterior Tom\u00e1s Palomares Parra, secretario general del SUTEyM en esta localidad, quien acompa\u00f1ado de Erick Palomares y David Parra,asesor y l\u00edder moral, respectivamente, reconocieron las acciones que realizan los trabajadores sindicalizados de todas las \u00e1reas de gobierno con el \u00fanico fin de servir a los naucalpenses.<\/p>\n<p>&nbsp;<\/p>\n<p>\u201cNuestra misi\u00f3n es cumplir, junto con el gobierno que encabeza el alcalde Isaac Montoya. a la ciudadan\u00eda, no importa el sol, la lluvia, ni el fr\u00edo, ni el cansancio. Lo que importa es seguir \u00a0otorgando servicios de calidad a las familias que habitan en este municipio\u201d, dijo el l\u00edder sindical.<\/p>\n<p>&nbsp;<\/p>\n<p>El tambi\u00e9n secretario de Exterior del SUTEyM mexiquense abund\u00f3 que \u00abagradecemos a los diversos sectores de la sociedad, el reconocer el trabajo que desarrollan todos y cada uno de los suteymistas y de \u00a0ninguna manera bajaremos la guardia en seguir cumpliendo a la sociedad\u201d.<\/p>\n<p>&nbsp;<\/p>\n<p>En ese sentido, funcionarios, s\u00edndicos y regidores, en voz del representante popular Paulo Lara Saavedra, afirm\u00f3 que \u201chay qu\u00e9 reconocer el trabajo de la clase trabajadora pertenecientes al SUTEyM, pues son ellos el motor qu\u00e9 mueve a todo el municipio. Hay que quitarse el sombrero ante su destacado desempe\u00f1o, arriesgando su propia salud para favorecer a los habitantes de Naucalpan\u201d.<\/p>\n<p>&nbsp;<\/p>\n<p>&nbsp;<\/p>\n","protected":false},"excerpt":{"rendered":"<p>Permanente atenci\u00f3n a la ciudadan\u00eda \u00a0 &nbsp; Por Arturo Baena &nbsp; Naucalpan, M\u00e9x.- Con tormentas, huracanes, lluvias, fr\u00edo o sol, los suteymistas tenemos la obligaci\u00f3n, brindar servicios de recolecci\u00f3n de basura, iluminaci\u00f3n, podas, desazolves y atenci\u00f3n directa a la ciudadan\u00eda y \u00a0esta temporada pluvial, no ser\u00e1 la excepci\u00f3n, pues es cuando los naucalpenses m\u00e1s nos [&hellip;]<\/p>\n","protected":false},"author":14,"featured_media":672540,"comment_status":"open","ping_status":"open","sticky":false,"template":"","format":"standard","meta":{"_monsterinsights_skip_tracking":false,"_monsterinsights_sitenote_active":false,"_monsterinsights_sitenote_note":"","_monsterinsights_sitenote_category":0,"footnotes":""},"categories":[5],"tags":[],"class_list":["post-672539","post","type-post","status-publish","format-standard","has-post-thumbnail","hentry","category-estado-de-mexico"],"_links":{"self":[{"href":"https:\/\/www.diarioimagen.net\/index.php?rest_route=\/wp\/v2\/posts\/672539","targetHints":{"allow":["GET"]}}],"collection":[{"href":"https:\/\/www.diarioimagen.net\/index.php?rest_route=\/wp\/v2\/posts"}],"about":[{"href":"https:\/\/www.diarioimagen.net\/index.php?rest_route=\/wp\/v2\/types\/post"}],"author":[{"embeddable":true,"href":"https:\/\/www.diarioimagen.net\/index.php?rest_route=\/wp\/v2\/users\/14"}],"replies":[{"embeddable":true,"href":"https:\/\/www.diarioimagen.net\/index.php?rest_route=%2Fwp%2Fv2%2Fcomments&post=672539"}],"version-history":[{"count":1,"href":"https:\/\/www.diarioimagen.net\/index.php?rest_route=\/wp\/v2\/posts\/672539\/revisions"}],"predecessor-version":[{"id":672541,"href":"https:\/\/www.diarioimagen.net\/index.php?rest_route=\/wp\/v2\/posts\/672539\/revisions\/672541"}],"wp:featuredmedia":[{"embeddable":true,"href":"https:\/\/www.diarioimagen.net\/index.php?rest_route=\/wp\/v2\/media\/672540"}],"wp:attachment":[{"href":"https:\/\/www.diarioimagen.net\/index.php?rest_route=%2Fwp%2Fv2%2Fmedia&parent=672539"}],"wp:term":[{"taxonomy":"category","embeddable":true,"href":"https:\/\/www.diarioimagen.net\/index.php?rest_route=%2Fwp%2Fv2%2Fcategories&post=672539"},{"taxonomy":"post_tag","embeddable":true,"href":"https:\/\/www.diarioimagen.net\/index.php?rest_route=%2Fwp%2Fv2%2Ftags&post=672539"}],"curies":[{"name":"wp","href":"https:\/\/api.w.org\/{rel}","templated":true}]}}