{"id":672548,"date":"2025-06-23T00:00:52","date_gmt":"2025-06-23T06:00:52","guid":{"rendered":"https:\/\/www.diarioimagen.net\/?p=672548"},"modified":"2025-06-22T20:57:53","modified_gmt":"2025-06-23T02:57:53","slug":"fortalece-atizapan-de-zaragoza-el-tejido-social-con-adopciones","status":"publish","type":"post","link":"https:\/\/www.diarioimagen.net\/?p=672548","title":{"rendered":"Fortalece Atizap\u00e1n de Zaragoza el tejido social con adopciones"},"content":{"rendered":"<p><strong>\u00a0<\/strong><\/p>\n<div id=\"attachment_672549\" style=\"width: 402px\" class=\"wp-caption alignnone\"><img loading=\"lazy\" decoding=\"async\" aria-describedby=\"caption-attachment-672549\" class=\"wp-image-672549 size-large\" src=\"https:\/\/www.diarioimagen.net\/wp-content\/uploads\/2025\/06\/BAENA-4-ok-15-392x270.jpg\" alt=\"\" width=\"392\" height=\"270\" srcset=\"https:\/\/www.diarioimagen.net\/wp-content\/uploads\/2025\/06\/BAENA-4-ok-15-392x270.jpg 392w, https:\/\/www.diarioimagen.net\/wp-content\/uploads\/2025\/06\/BAENA-4-ok-15-240x165.jpg 240w, https:\/\/www.diarioimagen.net\/wp-content\/uploads\/2025\/06\/BAENA-4-ok-15-768x528.jpg 768w, https:\/\/www.diarioimagen.net\/wp-content\/uploads\/2025\/06\/BAENA-4-ok-15.jpg 1500w\" sizes=\"auto, (max-width: 392px) 100vw, 392px\" \/><p id=\"caption-attachment-672549\" class=\"wp-caption-text\">Fortalece Atizap\u00e1n de Zaragoza el tejido social con adopciones<\/p><\/div>\n<p>&nbsp;<\/p>\n<p>Atizap\u00e1n de Zaragoza, M\u00e9x.- En un esfuerzo conjunto por fortalecer el tejido social y brindar oportunidades a ni\u00f1as, ni\u00f1os y adolescentes en situaci\u00f3n vulnerable, el gobierno de esta localidad, encabezado por el alcalde Pedro Rodr\u00edguez Villegas, fue sede de una trascendental jornada de capacitaci\u00f3n y acompa\u00f1amiento sobre procesos de adopci\u00f3n, congregando a representantes de 83 municipios de diversas entidades federativas. La capacitaci\u00f3n, llevada a cabo en el Sal\u00f3n de Usos M\u00faltiples del DIF Central de Atizap\u00e1n, tuvo como objetivo principal ofrecer una jornada de acompa\u00f1amiento integral a las familias que actualmente se encuentran en proceso de adopci\u00f3n. La Profesora Patricia Ar\u00e9valo Rubio, Presidenta Honoraria del DIF municipal,\u00a0 resalt\u00f3 la importancia de la colaboraci\u00f3n intermunicipal y la dedicaci\u00f3n de las autoridades para garantizar que el proceso de adopci\u00f3n sea un camino seguro y lleno de esperanza para los futuros padres y, sobre todo, para los menores.<\/p>\n","protected":false},"excerpt":{"rendered":"<p>\u00a0 &nbsp; Atizap\u00e1n de Zaragoza, M\u00e9x.- En un esfuerzo conjunto por fortalecer el tejido social y brindar oportunidades a ni\u00f1as, ni\u00f1os y adolescentes en situaci\u00f3n vulnerable, el gobierno de esta localidad, encabezado por el alcalde Pedro Rodr\u00edguez Villegas, fue sede de una trascendental jornada de capacitaci\u00f3n y acompa\u00f1amiento sobre procesos de adopci\u00f3n, congregando a representantes [&hellip;]<\/p>\n","protected":false},"author":14,"featured_media":672549,"comment_status":"open","ping_status":"open","sticky":false,"template":"","format":"standard","meta":{"_monsterinsights_skip_tracking":false,"_monsterinsights_sitenote_active":false,"_monsterinsights_sitenote_note":"","_monsterinsights_sitenote_category":0,"footnotes":""},"categories":[5],"tags":[],"class_list":["post-672548","post","type-post","status-publish","format-standard","has-post-thumbnail","hentry","category-estado-de-mexico"],"_links":{"self":[{"href":"https:\/\/www.diarioimagen.net\/index.php?rest_route=\/wp\/v2\/posts\/672548","targetHints":{"allow":["GET"]}}],"collection":[{"href":"https:\/\/www.diarioimagen.net\/index.php?rest_route=\/wp\/v2\/posts"}],"about":[{"href":"https:\/\/www.diarioimagen.net\/index.php?rest_route=\/wp\/v2\/types\/post"}],"author":[{"embeddable":true,"href":"https:\/\/www.diarioimagen.net\/index.php?rest_route=\/wp\/v2\/users\/14"}],"replies":[{"embeddable":true,"href":"https:\/\/www.diarioimagen.net\/index.php?rest_route=%2Fwp%2Fv2%2Fcomments&post=672548"}],"version-history":[{"count":1,"href":"https:\/\/www.diarioimagen.net\/index.php?rest_route=\/wp\/v2\/posts\/672548\/revisions"}],"predecessor-version":[{"id":672550,"href":"https:\/\/www.diarioimagen.net\/index.php?rest_route=\/wp\/v2\/posts\/672548\/revisions\/672550"}],"wp:featuredmedia":[{"embeddable":true,"href":"https:\/\/www.diarioimagen.net\/index.php?rest_route=\/wp\/v2\/media\/672549"}],"wp:attachment":[{"href":"https:\/\/www.diarioimagen.net\/index.php?rest_route=%2Fwp%2Fv2%2Fmedia&parent=672548"}],"wp:term":[{"taxonomy":"category","embeddable":true,"href":"https:\/\/www.diarioimagen.net\/index.php?rest_route=%2Fwp%2Fv2%2Fcategories&post=672548"},{"taxonomy":"post_tag","embeddable":true,"href":"https:\/\/www.diarioimagen.net\/index.php?rest_route=%2Fwp%2Fv2%2Ftags&post=672548"}],"curies":[{"name":"wp","href":"https:\/\/api.w.org\/{rel}","templated":true}]}}