{"id":672562,"date":"2025-06-23T00:00:40","date_gmt":"2025-06-23T06:00:40","guid":{"rendered":"https:\/\/www.diarioimagen.net\/?p=672562"},"modified":"2025-06-22T21:12:34","modified_gmt":"2025-06-23T03:12:34","slug":"el-gem-atrae-inversion-de-106-millones-de-dolares","status":"publish","type":"post","link":"https:\/\/www.diarioimagen.net\/?p=672562","title":{"rendered":"El GEM atrae inversi\u00f3n de 106 millones de d\u00f3lares"},"content":{"rendered":"<ul>\n<li><strong>Se generar\u00e1n m\u00e1s empleos para mexiquenses<\/strong><\/li>\n<\/ul>\n<p><strong>\u00a0<\/strong><\/p>\n<p><strong>\u00a0<\/strong><\/p>\n<div id=\"attachment_672563\" style=\"width: 463px\" class=\"wp-caption alignnone\"><img loading=\"lazy\" decoding=\"async\" aria-describedby=\"caption-attachment-672563\" class=\"wp-image-672563 size-large\" src=\"https:\/\/www.diarioimagen.net\/wp-content\/uploads\/2025\/06\/EDOMEX-2-ok-11-453x270.jpg\" alt=\"\" width=\"453\" height=\"270\" srcset=\"https:\/\/www.diarioimagen.net\/wp-content\/uploads\/2025\/06\/EDOMEX-2-ok-11-453x270.jpg 453w, https:\/\/www.diarioimagen.net\/wp-content\/uploads\/2025\/06\/EDOMEX-2-ok-11-240x143.jpg 240w, https:\/\/www.diarioimagen.net\/wp-content\/uploads\/2025\/06\/EDOMEX-2-ok-11-768x458.jpg 768w, https:\/\/www.diarioimagen.net\/wp-content\/uploads\/2025\/06\/EDOMEX-2-ok-11-1536x916.jpg 1536w, https:\/\/www.diarioimagen.net\/wp-content\/uploads\/2025\/06\/EDOMEX-2-ok-11.jpg 1600w\" sizes=\"auto, (max-width: 453px) 100vw, 453px\" \/><p id=\"caption-attachment-672563\" class=\"wp-caption-text\">En la entrega del distintivo \u201cHecho en M\u00e9xico\u201d, Laura Gonz\u00e1lez Hern\u00e1ndez, Secretaria de Desarrollo Econ\u00f3mico mexiquense, inform\u00f3 que durante la administraci\u00f3n de la gobernadora Delfina G\u00f3mez \u00c1lvarez, se han creado 133 mil 270 nuevos empleos.<\/p><\/div>\n<p><strong>\u00a0<\/strong><\/p>\n<p>&nbsp;<\/p>\n<p>&nbsp;<\/p>\n<p>Toluca, Estado de M\u00e9xico.- Con una inversi\u00f3n hist\u00f3rica de 106 millones de d\u00f3lares anunciada por la empresa PepsiCo Alimentos M\u00e9xico, el Estado de M\u00e9xico se consolida como un sitio atractivo para inversionistas y se mantiene en el primer lugar en la industria alimentaria en todo el pa\u00eds.<\/p>\n<p>En la entrega del distintivo \u201cHecho en M\u00e9xico\u201d, Laura Gonz\u00e1lez Hern\u00e1ndez, Secretaria de Desarrollo Econ\u00f3mico mexiquense, inform\u00f3 que durante la administraci\u00f3n de la gobernadora Delfina G\u00f3mez \u00c1lvarez, se han creado 133 mil 270 nuevos empleos.<\/p>\n<p>La titular de Sedeco dio a conocer que la industria alimentaria en el Estado de M\u00e9xico representa un papel importante; actualmente existen m\u00e1s de 31 mil unidades econ\u00f3micas de este sector, que colocan a la entidad en el primer lugar de producci\u00f3n con el 13.1 por ciento del total nacional.<\/p>\n<p>Destac\u00f3 que PepsiCo tiene una presencia significativa en el EdoM\u00e9x con un Centro Log\u00edstico, 29 Centros de Distribuci\u00f3n, el Centro de Desarrollo Agr\u00edcola Sabritas (CDAS) en Toluca y una planta de producci\u00f3n. En conjunto, generan 4 mil 500 empleos directos, por lo que reconoci\u00f3 a la empresa por su confianza para aumentar la inversi\u00f3n y operaciones.<\/p>\n<p>Al entregar el distintivo \u201cHecho en M\u00e9xico\u201d, Andrea Solano Rend\u00f3n, Jefa de la Unidad de Normatividad, Competitividad y Competencia de la Secretar\u00eda de Econom\u00eda Federal, resalt\u00f3 que este sello es un s\u00edmbolo de calidad y reconocimiento del Gobierno de M\u00e9xico a quienes impulsan lo mejor, como PepsiCo.<\/p>\n<p>Mientras que Isa\u00edas Mart\u00ednez Cuevas, Presidente de PepsiCo Alimentos M\u00e9xico, se\u00f1al\u00f3 que la compa\u00f1\u00eda lleva m\u00e1s de 115 a\u00f1os en el pa\u00eds y obtiene m\u00e1s del 90 por ciento de sus insumos agr\u00edcolas del campo mexicano. Y precis\u00f3 que las nuevas inversiones mejorar\u00e1n la infraestructura operativa, los sistemas tecnol\u00f3gicos y la flota el\u00e9ctrica.<\/p>\n<p>&nbsp;<\/p>\n<p><strong>Impulsa SeCampo autonom\u00eda econ\u00f3mica de mujeres mexiquenses <\/strong><\/p>\n<p><strong>\u00a0<\/strong><\/p>\n<p>&nbsp;<\/p>\n<p>Con el prop\u00f3sito de fortalecer la autonom\u00eda econ\u00f3mica de las mujeres mexiquenses, el Instituto de Investigaci\u00f3n y Capacitaci\u00f3n Agropecuaria, Acu\u00edcola y Forestal del Estado de M\u00e9xico (ICAMEX), ha desarrollado m\u00e1s de un centenar de cursos orientados al emprendimiento local.<\/p>\n<p>En coordinaci\u00f3n con las secretar\u00edas del Campo (SeCampo) y de las Mujeres (SeMujeres) se han impartido 115 talleres con la participaci\u00f3n de m\u00e1s de dos mil personas, principalmente mujeres, quienes han aprendido a transformar productos de sus cultivos familiares en art\u00edculos como pomadas, champ\u00fas, mermeladas, quesos y postres, generando as\u00ed ingresos propios y sostenibles.<\/p>\n<p>Uno de los talleres m\u00e1s recientes, \u201cElaboraci\u00f3n de composta\u201d, se llev\u00f3 a cabo en el Centro Libre de Otzolotepec, donde las asistentes participaron en la capacitaci\u00f3n impartida por la investigadora del ICAMEX, Helen Pe\u00f1a S\u00e1nchez.<\/p>\n<p>Durante la sesi\u00f3n, se abordaron temas sobre la importancia del aprovechamiento de residuos org\u00e1nicos, el proceso de descomposici\u00f3n natural y el uso adecuado de la composta como fertilizante ecol\u00f3gico.<\/p>\n<p>&nbsp;<\/p>\n<p>&nbsp;<\/p>\n<p>&nbsp;<\/p>\n","protected":false},"excerpt":{"rendered":"<p>Se generar\u00e1n m\u00e1s empleos para mexiquenses \u00a0 \u00a0 \u00a0 &nbsp; &nbsp; Toluca, Estado de M\u00e9xico.- Con una inversi\u00f3n hist\u00f3rica de 106 millones de d\u00f3lares anunciada por la empresa PepsiCo Alimentos M\u00e9xico, el Estado de M\u00e9xico se consolida como un sitio atractivo para inversionistas y se mantiene en el primer lugar en la industria alimentaria en [&hellip;]<\/p>\n","protected":false},"author":14,"featured_media":672563,"comment_status":"open","ping_status":"open","sticky":false,"template":"","format":"standard","meta":{"_monsterinsights_skip_tracking":false,"_monsterinsights_sitenote_active":false,"_monsterinsights_sitenote_note":"","_monsterinsights_sitenote_category":0,"footnotes":""},"categories":[5],"tags":[],"class_list":["post-672562","post","type-post","status-publish","format-standard","has-post-thumbnail","hentry","category-estado-de-mexico"],"_links":{"self":[{"href":"https:\/\/www.diarioimagen.net\/index.php?rest_route=\/wp\/v2\/posts\/672562","targetHints":{"allow":["GET"]}}],"collection":[{"href":"https:\/\/www.diarioimagen.net\/index.php?rest_route=\/wp\/v2\/posts"}],"about":[{"href":"https:\/\/www.diarioimagen.net\/index.php?rest_route=\/wp\/v2\/types\/post"}],"author":[{"embeddable":true,"href":"https:\/\/www.diarioimagen.net\/index.php?rest_route=\/wp\/v2\/users\/14"}],"replies":[{"embeddable":true,"href":"https:\/\/www.diarioimagen.net\/index.php?rest_route=%2Fwp%2Fv2%2Fcomments&post=672562"}],"version-history":[{"count":1,"href":"https:\/\/www.diarioimagen.net\/index.php?rest_route=\/wp\/v2\/posts\/672562\/revisions"}],"predecessor-version":[{"id":672564,"href":"https:\/\/www.diarioimagen.net\/index.php?rest_route=\/wp\/v2\/posts\/672562\/revisions\/672564"}],"wp:featuredmedia":[{"embeddable":true,"href":"https:\/\/www.diarioimagen.net\/index.php?rest_route=\/wp\/v2\/media\/672563"}],"wp:attachment":[{"href":"https:\/\/www.diarioimagen.net\/index.php?rest_route=%2Fwp%2Fv2%2Fmedia&parent=672562"}],"wp:term":[{"taxonomy":"category","embeddable":true,"href":"https:\/\/www.diarioimagen.net\/index.php?rest_route=%2Fwp%2Fv2%2Fcategories&post=672562"},{"taxonomy":"post_tag","embeddable":true,"href":"https:\/\/www.diarioimagen.net\/index.php?rest_route=%2Fwp%2Fv2%2Ftags&post=672562"}],"curies":[{"name":"wp","href":"https:\/\/api.w.org\/{rel}","templated":true}]}}