{"id":672732,"date":"2025-06-23T21:28:33","date_gmt":"2025-06-24T03:28:33","guid":{"rendered":"https:\/\/www.diarioimagen.net\/?p=672732"},"modified":"2025-06-23T21:28:33","modified_gmt":"2025-06-24T03:28:33","slug":"proyecto-social-naucalpan-eje-social-plural-david-parra","status":"publish","type":"post","link":"https:\/\/www.diarioimagen.net\/?p=672732","title":{"rendered":"\u00a0  Proyecto Social Naucalpan,  eje social plural: David Parra"},"content":{"rendered":"<ul>\n<li><strong>Toma de protesta de nuevos miembros<\/strong><\/li>\n<\/ul>\n<div id=\"attachment_672733\" style=\"width: 415px\" class=\"wp-caption alignnone\"><img loading=\"lazy\" decoding=\"async\" aria-describedby=\"caption-attachment-672733\" class=\"wp-image-672733 size-large\" src=\"https:\/\/www.diarioimagen.net\/wp-content\/uploads\/2025\/06\/BAENA-2-ok-15-405x270.jpg\" alt=\"\" width=\"405\" height=\"270\" srcset=\"https:\/\/www.diarioimagen.net\/wp-content\/uploads\/2025\/06\/BAENA-2-ok-15-405x270.jpg 405w, https:\/\/www.diarioimagen.net\/wp-content\/uploads\/2025\/06\/BAENA-2-ok-15-240x160.jpg 240w, https:\/\/www.diarioimagen.net\/wp-content\/uploads\/2025\/06\/BAENA-2-ok-15-768x511.jpg 768w, https:\/\/www.diarioimagen.net\/wp-content\/uploads\/2025\/06\/BAENA-2-ok-15.jpg 1500w\" sizes=\"auto, (max-width: 405px) 100vw, 405px\" \/><p id=\"caption-attachment-672733\" class=\"wp-caption-text\">David Parra S\u00e1nchez reiter\u00f3 que Proyecto Social Naucalpan A.C. es un colectivo plural de ciudadanos preocupados por el presente y futuro de Naucalpan y que busca ser protagonista de la vida p\u00fablica.<\/p><\/div>\n<p>&nbsp;<\/p>\n<p>Naucalpan, M\u00e9x.- El Proyecto Social Naucalpan A.C. es y seguir\u00e1 siendo un eje social que aglutina la pluralidad pol\u00edtica, pero sobre todo social, con el \u00fanico fin de realizar acciones que ayuden a las y los naucalpenses. Juntos avanzaremos por un mejor futuro para nuestro municipio, nuestro amor por Naucalpan.<\/p>\n<p>&nbsp;<\/p>\n<p>Asi lo expres\u00f3 David Parra S\u00e1nchez, presidente de esta asociaci\u00f3n civil, durante la presentaci\u00f3n y toma de protesta de nuevos miembros, como son Lorena Arellano, Violeta Le\u00f3n, Ernestina Cruz, Sergio Mancilla y F\u00e9lix Mart\u00ednez, entre otros, quienes se comprometieron a luchar en favor del tejido social en este municipio.<\/p>\n<p>&nbsp;<\/p>\n<p>Ah\u00ed, luego de tomar protesta de Ley, asumieron\u00a0 el compromiso de respaldar la lucha social y volver a la ciudadan\u00eda.<\/p>\n<p>&nbsp;<\/p>\n<p>Parra S\u00e1nchez reiter\u00f3 que Proyecto Social Naucalpan A.C. es un colectivo plural de ciudadanos preocupados por el presente y futuro de Naucalpan y que busca ser protagonista de la vida p\u00fablica, conjuntando la experiencia de expertos en diversas materias para las alternativas y\u00a0 soluci\u00f3n de problemas comunitarios, dijo.<\/p>\n<p>&nbsp;<\/p>\n<p>Durante la primera asamblea ordinaria de la agrupaci\u00f3n se concretaron\u00a0 trabajos para futuros proyectos siempre en favor de los ciudadanos. \u201cEn Proyecto Social Naucalpan A.C. creemos en el poder de la comunidad para lograr grandes cambios, se\u00f1al\u00f3.<\/p>\n<p>&nbsp;<\/p>\n<p>&nbsp;<\/p>\n","protected":false},"excerpt":{"rendered":"<p>Toma de protesta de nuevos miembros &nbsp; Naucalpan, M\u00e9x.- El Proyecto Social Naucalpan A.C. es y seguir\u00e1 siendo un eje social que aglutina la pluralidad pol\u00edtica, pero sobre todo social, con el \u00fanico fin de realizar acciones que ayuden a las y los naucalpenses. Juntos avanzaremos por un mejor futuro para nuestro municipio, nuestro amor [&hellip;]<\/p>\n","protected":false},"author":14,"featured_media":672733,"comment_status":"open","ping_status":"open","sticky":false,"template":"","format":"standard","meta":{"_monsterinsights_skip_tracking":false,"_monsterinsights_sitenote_active":false,"_monsterinsights_sitenote_note":"","_monsterinsights_sitenote_category":0,"footnotes":""},"categories":[5],"tags":[],"class_list":["post-672732","post","type-post","status-publish","format-standard","has-post-thumbnail","hentry","category-estado-de-mexico"],"_links":{"self":[{"href":"https:\/\/www.diarioimagen.net\/index.php?rest_route=\/wp\/v2\/posts\/672732","targetHints":{"allow":["GET"]}}],"collection":[{"href":"https:\/\/www.diarioimagen.net\/index.php?rest_route=\/wp\/v2\/posts"}],"about":[{"href":"https:\/\/www.diarioimagen.net\/index.php?rest_route=\/wp\/v2\/types\/post"}],"author":[{"embeddable":true,"href":"https:\/\/www.diarioimagen.net\/index.php?rest_route=\/wp\/v2\/users\/14"}],"replies":[{"embeddable":true,"href":"https:\/\/www.diarioimagen.net\/index.php?rest_route=%2Fwp%2Fv2%2Fcomments&post=672732"}],"version-history":[{"count":1,"href":"https:\/\/www.diarioimagen.net\/index.php?rest_route=\/wp\/v2\/posts\/672732\/revisions"}],"predecessor-version":[{"id":672734,"href":"https:\/\/www.diarioimagen.net\/index.php?rest_route=\/wp\/v2\/posts\/672732\/revisions\/672734"}],"wp:featuredmedia":[{"embeddable":true,"href":"https:\/\/www.diarioimagen.net\/index.php?rest_route=\/wp\/v2\/media\/672733"}],"wp:attachment":[{"href":"https:\/\/www.diarioimagen.net\/index.php?rest_route=%2Fwp%2Fv2%2Fmedia&parent=672732"}],"wp:term":[{"taxonomy":"category","embeddable":true,"href":"https:\/\/www.diarioimagen.net\/index.php?rest_route=%2Fwp%2Fv2%2Fcategories&post=672732"},{"taxonomy":"post_tag","embeddable":true,"href":"https:\/\/www.diarioimagen.net\/index.php?rest_route=%2Fwp%2Fv2%2Ftags&post=672732"}],"curies":[{"name":"wp","href":"https:\/\/api.w.org\/{rel}","templated":true}]}}