{"id":672738,"date":"2025-06-23T21:31:00","date_gmt":"2025-06-24T03:31:00","guid":{"rendered":"https:\/\/www.diarioimagen.net\/?p=672738"},"modified":"2025-06-23T21:31:00","modified_gmt":"2025-06-24T03:31:00","slug":"el-acuerdo-por-la-regeneracion-de-naucalpan-busca-prosperidad-isaac-montoya","status":"publish","type":"post","link":"https:\/\/www.diarioimagen.net\/?p=672738","title":{"rendered":"El Acuerdo por la Regeneraci\u00f3n de Naucalpan busca prosperidad: Isaac Montoya"},"content":{"rendered":"<p><img loading=\"lazy\" decoding=\"async\" class=\"alignnone wp-image-672739 size-large\" src=\"https:\/\/www.diarioimagen.net\/wp-content\/uploads\/2025\/06\/BAENA-4-ok-16-460x263.jpg\" alt=\"\" width=\"460\" height=\"263\" srcset=\"https:\/\/www.diarioimagen.net\/wp-content\/uploads\/2025\/06\/BAENA-4-ok-16-460x263.jpg 460w, https:\/\/www.diarioimagen.net\/wp-content\/uploads\/2025\/06\/BAENA-4-ok-16-240x137.jpg 240w, https:\/\/www.diarioimagen.net\/wp-content\/uploads\/2025\/06\/BAENA-4-ok-16-768x439.jpg 768w, https:\/\/www.diarioimagen.net\/wp-content\/uploads\/2025\/06\/BAENA-4-ok-16-202x114.jpg 202w, https:\/\/www.diarioimagen.net\/wp-content\/uploads\/2025\/06\/BAENA-4-ok-16.jpg 1500w\" sizes=\"auto, (max-width: 460px) 100vw, 460px\" \/><\/p>\n<p>&nbsp;<\/p>\n<p>Naucalpan, M\u00e9x.- Ante empresarios, autoridades estatales y federales, el alcalde Isacc Montoya present\u00f3 el Acuerdo por la Regeneraci\u00f3n de Naucalpan (ARENA), pol\u00edtica p\u00fablica de justicia social, orientada a reducir la desigualdad urbana, cerrar brechas territoriales y promover un desarrollo equitativo e inclusivo en todo el municipio a trav\u00e9s de 31 proyectos clave, como La Plaza Revoluci\u00f3n, Plan maestro Parque Naucalli, Museo de Arquitectura Moderna Torres de Sat\u00e9lite. Recuperaci\u00f3n del Parque Ahuizotla, Par Vial San Mateo Nopala. Rehabilitaci\u00f3n de la Avenida Minas Palacio, Primero de Mayo, Proyecto El Mazap\u00e1n y Parque La Hormiga, entre otros. ARENA busca la prosperidad y una mejor calidad de vida de las y los vecinos, as\u00ed como devolverle el brillo a Naucalpan.<\/p>\n","protected":false},"excerpt":{"rendered":"<p>&nbsp; Naucalpan, M\u00e9x.- Ante empresarios, autoridades estatales y federales, el alcalde Isacc Montoya present\u00f3 el Acuerdo por la Regeneraci\u00f3n de Naucalpan (ARENA), pol\u00edtica p\u00fablica de justicia social, orientada a reducir la desigualdad urbana, cerrar brechas territoriales y promover un desarrollo equitativo e inclusivo en todo el municipio a trav\u00e9s de 31 proyectos clave, como La [&hellip;]<\/p>\n","protected":false},"author":14,"featured_media":672739,"comment_status":"open","ping_status":"open","sticky":false,"template":"","format":"standard","meta":{"_monsterinsights_skip_tracking":false,"_monsterinsights_sitenote_active":false,"_monsterinsights_sitenote_note":"","_monsterinsights_sitenote_category":0,"footnotes":""},"categories":[5],"tags":[],"class_list":["post-672738","post","type-post","status-publish","format-standard","has-post-thumbnail","hentry","category-estado-de-mexico"],"_links":{"self":[{"href":"https:\/\/www.diarioimagen.net\/index.php?rest_route=\/wp\/v2\/posts\/672738","targetHints":{"allow":["GET"]}}],"collection":[{"href":"https:\/\/www.diarioimagen.net\/index.php?rest_route=\/wp\/v2\/posts"}],"about":[{"href":"https:\/\/www.diarioimagen.net\/index.php?rest_route=\/wp\/v2\/types\/post"}],"author":[{"embeddable":true,"href":"https:\/\/www.diarioimagen.net\/index.php?rest_route=\/wp\/v2\/users\/14"}],"replies":[{"embeddable":true,"href":"https:\/\/www.diarioimagen.net\/index.php?rest_route=%2Fwp%2Fv2%2Fcomments&post=672738"}],"version-history":[{"count":1,"href":"https:\/\/www.diarioimagen.net\/index.php?rest_route=\/wp\/v2\/posts\/672738\/revisions"}],"predecessor-version":[{"id":672740,"href":"https:\/\/www.diarioimagen.net\/index.php?rest_route=\/wp\/v2\/posts\/672738\/revisions\/672740"}],"wp:featuredmedia":[{"embeddable":true,"href":"https:\/\/www.diarioimagen.net\/index.php?rest_route=\/wp\/v2\/media\/672739"}],"wp:attachment":[{"href":"https:\/\/www.diarioimagen.net\/index.php?rest_route=%2Fwp%2Fv2%2Fmedia&parent=672738"}],"wp:term":[{"taxonomy":"category","embeddable":true,"href":"https:\/\/www.diarioimagen.net\/index.php?rest_route=%2Fwp%2Fv2%2Fcategories&post=672738"},{"taxonomy":"post_tag","embeddable":true,"href":"https:\/\/www.diarioimagen.net\/index.php?rest_route=%2Fwp%2Fv2%2Ftags&post=672738"}],"curies":[{"name":"wp","href":"https:\/\/api.w.org\/{rel}","templated":true}]}}