{"id":672782,"date":"2025-06-23T22:01:14","date_gmt":"2025-06-24T04:01:14","guid":{"rendered":"https:\/\/www.diarioimagen.net\/?p=672782"},"modified":"2025-06-23T22:01:14","modified_gmt":"2025-06-24T04:01:14","slug":"el-conflicto-en-medio-oriente-encarecera-alimentos-y-petroleo","status":"publish","type":"post","link":"https:\/\/www.diarioimagen.net\/?p=672782","title":{"rendered":"El conflicto en Medio Oriente  encarecer\u00e1 alimentos y petr\u00f3leo"},"content":{"rendered":"<ul>\n<li><strong>Alteraci\u00f3n en las cadenas de suministro del mundo<\/strong><\/li>\n<li><strong>Impacto directo en el comercio internacional, precios de combustibles y divisas<\/strong><\/li>\n<\/ul>\n<div id=\"attachment_672783\" style=\"width: 470px\" class=\"wp-caption alignnone\"><img loading=\"lazy\" decoding=\"async\" aria-describedby=\"caption-attachment-672783\" class=\"wp-image-672783 size-large\" src=\"https:\/\/www.diarioimagen.net\/wp-content\/uploads\/2025\/06\/ENCARECIMIENTO-ok-460x238.jpg\" alt=\"\" width=\"460\" height=\"238\" srcset=\"https:\/\/www.diarioimagen.net\/wp-content\/uploads\/2025\/06\/ENCARECIMIENTO-ok-460x238.jpg 460w, https:\/\/www.diarioimagen.net\/wp-content\/uploads\/2025\/06\/ENCARECIMIENTO-ok-240x124.jpg 240w, https:\/\/www.diarioimagen.net\/wp-content\/uploads\/2025\/06\/ENCARECIMIENTO-ok-768x397.jpg 768w, https:\/\/www.diarioimagen.net\/wp-content\/uploads\/2025\/06\/ENCARECIMIENTO-ok.jpg 1500w\" sizes=\"auto, (max-width: 460px) 100vw, 460px\" \/><p id=\"caption-attachment-672783\" class=\"wp-caption-text\">Empresarios advirtieron que habr\u00e1 incremento en los precios de productos y combustibles, as\u00ed como una alteraci\u00f3n en las cadenas log\u00edsticas del mundo ante la crisis en Medio Oriente agravada por el ataque de Estados Unidos a bases nucleares de Ir\u00e1n.<\/p><\/div>\n<p>El sector empresarial alert\u00f3 que habr\u00e1 incremento en los precios de productos y combustibles, en las exportaciones e importaciones, as\u00ed como una alteraci\u00f3n en las cadenas log\u00edsticas del mundo ante la crisis en Medio Oriente agravada por el ataque de Estados Unidos a bases nucleares de Ir\u00e1n.<\/p>\n<p>\u201cLa incertidumbre producida por estos eventos tiene impacto directo en el comercio internacional, especialmente en los precios del petr\u00f3leo, divisas y cadenas de suministro, aspectos fundamentales para el sector productivo mexicano\u201d, manifest\u00f3 Concanaco-Servytur en su cuenta de X.<\/p>\n<p>En este contexto, la Confederaci\u00f3n de C\u00e1maras Nacionales de Comercio Servicios y Turismo pidi\u00f3 implementar protocolos de an\u00e1lisis y monitoreo por la evoluci\u00f3n en los precios de los energ\u00e9ticos y la inestabilidad que se perfila en el escenario internacional.<\/p>\n<p>\u201cEl Impacto econ\u00f3mico y recomendaciones al empresariado mexicano es que la proximidad de escalamientos puede encarecer los combustibles y afectar importaciones y exportaciones mexicanas\u201d, advirti\u00f3 el presidente de este organismo, Octavio de la Torre<\/p>\n<p>Por ello, el dirigente empresarial demand\u00f3 a las secretar\u00edas de Econom\u00eda y de Relaciones Exteriores a impulsar mesas de di\u00e1logo con la iniciativa privada, para elaborar estrategias de mediano plazo que protejan el flujo comercial, el turismo y la competitividad frente a escenarios internacionales inestables.<\/p>\n<p>&nbsp;<\/p>\n<p>&nbsp;<\/p>\n<p><strong>Alta tensi\u00f3n geopol\u00edtica<\/strong><\/p>\n<p>&nbsp;<\/p>\n<p>Luego de los ataques a\u00e9reos efectuados por Estados Unidos e Israel sobre las instalaciones nucleares iran\u00edes, la Concanaco expres\u00f3 su preocupaci\u00f3n por la alta tensi\u00f3n geopol\u00edtica, los que confirman que el conflicto ha alcanzado niveles disruptivos.<\/p>\n<p>En ese sentido, Jos\u00e9 Ignacio Mart\u00ednez Cort\u00e9s, coordinador del Laboratorio de An\u00e1lisis en Comercio, Econom\u00eda y Negocios de la UNAM, mencion\u00f3 que a parte de la repercusi\u00f3n militar y de seguridad, \u201ces latente la crisis de suministro de petr\u00f3leo y gas, provocando incremento en combustibles f\u00f3siles, lo cual afectar\u00e1 la importaci\u00f3n gasolinas, gas y di\u00e9sel reflej\u00e1ndose en un incremento de la inflaci\u00f3n\u201d.<\/p>\n<p>Abund\u00f3 que el efecto para la econom\u00eda de Estados Unidos es el encarecimiento de las cadenas de suministros, aunado al aumento de los costos manufactureros por los aranceles impuestos por Trump.<\/p>\n<p>Un efecto inmediato ser\u00e1 el impacto burs\u00e1til. Y eso \u201cpresionar\u00e1 a\u00fan m\u00e1s la econom\u00eda mexicana qu\u00e9 est\u00e1 en umbral de recesi\u00f3n\u201d.<\/p>\n<p><strong>\u00a0<\/strong><\/p>\n<p><strong>Desaceleraci\u00f3n econ\u00f3mica<\/strong><\/p>\n<p>&nbsp;<\/p>\n<p>En tanto, el Centro de Estudios Econ\u00f3micos del Sector Privado (CEESP) asever\u00f3 que despu\u00e9s de un periodo que la econom\u00eda mexicana apuntaba a una reactivaci\u00f3n m\u00e1s r\u00e1pida, la econom\u00eda se desacelera. \u201cEs evidente que la evoluci\u00f3n de los principales indicadores econ\u00f3micos muestra claros signos de debilidad\u201d, se\u00f1al\u00f3<\/p>\n<p>Si bien las autoridades reiteran su confianza en las estimaciones de la Secretar\u00eda de Hacienda, la cual prev\u00e9 un crecimiento del 1.9% del PIB en 2025, es importante se\u00f1alar que esta previsi\u00f3n ya responde a un ajuste a la baja respecto a su estimaci\u00f3n previa de 2.5%. Incluso, en algunos casos las expectativas de crecimiento para este a\u00f1o ya se ubican en terreno negativo.<\/p>\n<p>La econom\u00eda mexicana se nota fr\u00e1gil y expuesta a riesgos importantes. Adem\u00e1s de esta situaci\u00f3n de fragilidad, la econom\u00eda est\u00e1 sujeta a riesgos provenientes del exterior, especialmente por el efecto de la pol\u00edtica arancelaria de los Estados Unidos.<\/p>\n<p>&nbsp;<\/p>\n<p><strong>\u00a0<\/strong><\/p>\n<p><strong>Precios del petr\u00f3leo suben m\u00e1s del 4% tras ataques de EU a Ir\u00e1n<\/strong><\/p>\n<p><strong>\u00a0<\/strong><\/p>\n<p>Los precios del petr\u00f3leo subieron m\u00e1s de 4% en la apertura de las bolsas asi\u00e1ticas este lunes, antes de moderar su alza, despu\u00e9s de los ataques estadounidenses del fin de semana en Ir\u00e1n, que generaron temores de interrupciones en el suministro de crudo.<\/p>\n<p>A las 23H45 GMT del domingo, el barril de crudo WTI estadounidense sub\u00eda 2.56 % a 75.73 d\u00f3lares, despu\u00e9s de haber superado los 78 d\u00f3lares, mientras que el barril de Brent del mar del Norte sub\u00eda 2.47% a 78.91 d\u00f3lares despu\u00e9s de haber alcanzado 81 d\u00f3lares, el precio m\u00e1s alto en seis meses.<\/p>\n<p>Los hechos del fin de semana revivieron los temores del peor escenario posible para el mercado petrolero: el cierre del estrecho de Ormuz, cerca de la costa iran\u00ed, por donde pasa casi 20% del crudo del mundo.<\/p>\n<p>Los precios del petr\u00f3leo hab\u00edan subido despu\u00e9s de que Israel atac\u00f3 Ir\u00e1n el 13 de junio, sin embargo, el mercado se moder\u00f3 la \u00faltima semana porque los ataques no afectaron gravemente la infraestructura petrolera iran\u00ed.<\/p>\n<p><strong>\u00a0<\/strong><\/p>\n<p>&nbsp;<\/p>\n","protected":false},"excerpt":{"rendered":"<p>Alteraci\u00f3n en las cadenas de suministro del mundo Impacto directo en el comercio internacional, precios de combustibles y divisas El sector empresarial alert\u00f3 que habr\u00e1 incremento en los precios de productos y combustibles, en las exportaciones e importaciones, as\u00ed como una alteraci\u00f3n en las cadenas log\u00edsticas del mundo ante la crisis en Medio Oriente agravada [&hellip;]<\/p>\n","protected":false},"author":14,"featured_media":672783,"comment_status":"open","ping_status":"open","sticky":false,"template":"","format":"standard","meta":{"_monsterinsights_skip_tracking":false,"_monsterinsights_sitenote_active":false,"_monsterinsights_sitenote_note":"","_monsterinsights_sitenote_category":0,"footnotes":""},"categories":[8],"tags":[],"class_list":["post-672782","post","type-post","status-publish","format-standard","has-post-thumbnail","hentry","category-finanzas"],"_links":{"self":[{"href":"https:\/\/www.diarioimagen.net\/index.php?rest_route=\/wp\/v2\/posts\/672782","targetHints":{"allow":["GET"]}}],"collection":[{"href":"https:\/\/www.diarioimagen.net\/index.php?rest_route=\/wp\/v2\/posts"}],"about":[{"href":"https:\/\/www.diarioimagen.net\/index.php?rest_route=\/wp\/v2\/types\/post"}],"author":[{"embeddable":true,"href":"https:\/\/www.diarioimagen.net\/index.php?rest_route=\/wp\/v2\/users\/14"}],"replies":[{"embeddable":true,"href":"https:\/\/www.diarioimagen.net\/index.php?rest_route=%2Fwp%2Fv2%2Fcomments&post=672782"}],"version-history":[{"count":1,"href":"https:\/\/www.diarioimagen.net\/index.php?rest_route=\/wp\/v2\/posts\/672782\/revisions"}],"predecessor-version":[{"id":672784,"href":"https:\/\/www.diarioimagen.net\/index.php?rest_route=\/wp\/v2\/posts\/672782\/revisions\/672784"}],"wp:featuredmedia":[{"embeddable":true,"href":"https:\/\/www.diarioimagen.net\/index.php?rest_route=\/wp\/v2\/media\/672783"}],"wp:attachment":[{"href":"https:\/\/www.diarioimagen.net\/index.php?rest_route=%2Fwp%2Fv2%2Fmedia&parent=672782"}],"wp:term":[{"taxonomy":"category","embeddable":true,"href":"https:\/\/www.diarioimagen.net\/index.php?rest_route=%2Fwp%2Fv2%2Fcategories&post=672782"},{"taxonomy":"post_tag","embeddable":true,"href":"https:\/\/www.diarioimagen.net\/index.php?rest_route=%2Fwp%2Fv2%2Ftags&post=672782"}],"curies":[{"name":"wp","href":"https:\/\/api.w.org\/{rel}","templated":true}]}}