{"id":672797,"date":"2025-06-23T22:08:57","date_gmt":"2025-06-24T04:08:57","guid":{"rendered":"https:\/\/www.diarioimagen.net\/?p=672797"},"modified":"2025-06-23T22:08:57","modified_gmt":"2025-06-24T04:08:57","slug":"guerra-de-doce-dias","status":"publish","type":"post","link":"https:\/\/www.diarioimagen.net\/?p=672797","title":{"rendered":"\u00bfGuerra de doce d\u00edas?"},"content":{"rendered":"<p><strong>Aunque Pese <\/strong><strong>\u00a0Salvador Mart\u00ednez G.<\/strong><\/p>\n<p><strong>\u00a0<\/strong><\/p>\n<p>&nbsp;<\/p>\n<p><strong>\u00a0<\/strong><\/p>\n<p>&nbsp;<\/p>\n<p>Sorprendentemente, tras 12 d\u00edas de hostilidades entre Israel e Ir\u00e1n y la alevosa participaci\u00f3n de Estados Unidos, por \u00f3rdenes de Donald Trump, se anuncia el fin de la guerra, que ha dejado centenares de muertos y miles de heridos.<\/p>\n<p>Sin dar muchos detalles, Donald Trump anunci\u00f3 por X el fin de la guerra que \u00e9l mismo denomin\u00f3 de \u201clos 12 d\u00edas\u201d, con un acuerdo de completo alto al fuego entre Israel e Ir\u00e1n, conflicto que ten\u00eda en vilo al mundo entero ante el grave peligro de extenderse a una Tercera Guerra Mundial.<\/p>\n<p>Por parte de Ir\u00e1n, un alto funcionario del gobierno isl\u00e1mico habr\u00eda confirmado que Teher\u00e1n acept\u00f3 la propuesta de Trump y revel\u00f3 que esta fue mediada por el gobierno de Catar.<\/p>\n<p>El soberbio e insolente primer ministro de Israel, Benjam\u00edn Netanyahu, orden\u00f3 a sus ministros no pronunciarse ante el anuncio del cese de hostilidades, pero esto se da por hecho.<\/p>\n<p>La esperanza es que este acuerdo sea duradero y no s\u00f3lo un pretexto para sorprender a Ir\u00e1n con nuevos ataques, como el sufrido por parte de la milicia estadounidense en sus plantas nucleares. Hasta el momento no hay certidumbre de que el alto al fuego sea efectivo y prolongado, sobre todo porque no se especifican las condiciones convenidas entre ambas naciones.<\/p>\n<p>En seis horas, dijo Trump, se completar\u00eda totalmente el alto al fuego, lo que significar\u00eda que para estos momentos la paz reinar\u00eda con Ir\u00e1n, pero no as\u00ed en las fronteras de Israel por el conflicto con Ham\u00e1s en la Franja de Gaza, donde se ha perpetrado un aut\u00e9ntico genocidio hasta hoy impune y hasta poco condenado por la comunidad internacional.<\/p>\n<p>Trump parece haberse salido con la suya; habr\u00e1 que ver hasta cu\u00e1ndo.<\/p>\n<p>&nbsp;<\/p>\n<p><strong>Susurros<\/strong><\/p>\n<p>&nbsp;<\/p>\n<p>Inicia en el Congreso el periodo extraordinario para discutir 22 iniciativas de reforma, en un proceso que se antoja acelerado y consecuencia de la falta de eficiente trabajo legislativo, tanto en la C\u00e1mara de Senadores como en la de Diputados.<\/p>\n<p>De las leyes por aprobarse destacan la de telecomunicaciones y la de la Guardia Nacional. La primera que entra con modificaciones, tras retirarse un art\u00edculo con el que se estimaba se emplear\u00eda o podr\u00eda emplearse f\u00e9rrea censura a los medios digitales.<\/p>\n<p>En el caso de la Ley de la Guardia Nacional, la oposici\u00f3n ha cuestionado la integraci\u00f3n plena de \u00e9sta a la Secretar\u00eda de la Defensa Nacional, aun cuando no tenga muchas posibilidades de frenar la iniciativa.<\/p>\n<p>Otras leyes por debatirse son la Ley General en Materia de Desaparici\u00f3n Forzada, Ley del Seguro Social, Ley General de Desarrollo Social, Ley de Impuestos Generales de Importaci\u00f3n y Exportaci\u00f3n, entre otras.<\/p>\n<p><a href=\"mailto:salvadormartinez@visionmx.com\"><strong><em>salvadormartinez@visionmx.com<\/em><\/strong><\/a><strong><em>\u00a0X: @salvador_mtz<\/em><\/strong><\/p>\n","protected":false},"excerpt":{"rendered":"<p>Aunque Pese \u00a0Salvador Mart\u00ednez G. \u00a0 &nbsp; \u00a0 &nbsp; Sorprendentemente, tras 12 d\u00edas de hostilidades entre Israel e Ir\u00e1n y la alevosa participaci\u00f3n de Estados Unidos, por \u00f3rdenes de Donald Trump, se anuncia el fin de la guerra, que ha dejado centenares de muertos y miles de heridos. Sin dar muchos detalles, Donald Trump anunci\u00f3 [&hellip;]<\/p>\n","protected":false},"author":14,"featured_media":0,"comment_status":"open","ping_status":"open","sticky":false,"template":"","format":"standard","meta":{"_monsterinsights_skip_tracking":false,"_monsterinsights_sitenote_active":false,"_monsterinsights_sitenote_note":"","_monsterinsights_sitenote_category":0,"footnotes":""},"categories":[4,96743],"tags":[],"class_list":["post-672797","post","type-post","status-publish","format-standard","hentry","category-opinion","category-salvador-martinez-garcia"],"_links":{"self":[{"href":"https:\/\/www.diarioimagen.net\/index.php?rest_route=\/wp\/v2\/posts\/672797","targetHints":{"allow":["GET"]}}],"collection":[{"href":"https:\/\/www.diarioimagen.net\/index.php?rest_route=\/wp\/v2\/posts"}],"about":[{"href":"https:\/\/www.diarioimagen.net\/index.php?rest_route=\/wp\/v2\/types\/post"}],"author":[{"embeddable":true,"href":"https:\/\/www.diarioimagen.net\/index.php?rest_route=\/wp\/v2\/users\/14"}],"replies":[{"embeddable":true,"href":"https:\/\/www.diarioimagen.net\/index.php?rest_route=%2Fwp%2Fv2%2Fcomments&post=672797"}],"version-history":[{"count":1,"href":"https:\/\/www.diarioimagen.net\/index.php?rest_route=\/wp\/v2\/posts\/672797\/revisions"}],"predecessor-version":[{"id":672798,"href":"https:\/\/www.diarioimagen.net\/index.php?rest_route=\/wp\/v2\/posts\/672797\/revisions\/672798"}],"wp:attachment":[{"href":"https:\/\/www.diarioimagen.net\/index.php?rest_route=%2Fwp%2Fv2%2Fmedia&parent=672797"}],"wp:term":[{"taxonomy":"category","embeddable":true,"href":"https:\/\/www.diarioimagen.net\/index.php?rest_route=%2Fwp%2Fv2%2Fcategories&post=672797"},{"taxonomy":"post_tag","embeddable":true,"href":"https:\/\/www.diarioimagen.net\/index.php?rest_route=%2Fwp%2Fv2%2Ftags&post=672797"}],"curies":[{"name":"wp","href":"https:\/\/api.w.org\/{rel}","templated":true}]}}