{"id":672813,"date":"2025-06-23T22:19:38","date_gmt":"2025-06-24T04:19:38","guid":{"rendered":"https:\/\/www.diarioimagen.net\/?p=672813"},"modified":"2025-06-23T22:19:38","modified_gmt":"2025-06-24T04:19:38","slug":"diplomaticos-el-antes-y-el-ahora-de-mexico","status":"publish","type":"post","link":"https:\/\/www.diarioimagen.net\/?p=672813","title":{"rendered":"Diplom\u00e1ticos, el antes y el ahora de M\u00e9xico"},"content":{"rendered":"<p>&nbsp;<\/p>\n<p><strong>De frente y de perfil\u00a0<\/strong> Ram\u00f3n Zurita Sahag\u00fan<\/p>\n<p>&nbsp;<\/p>\n<p>&nbsp;<\/p>\n<p>Durante muchos a\u00f1os, M\u00e9xico se distingui\u00f3 por su servicio diplom\u00e1tico.<\/p>\n<p>Grandes recuerdos y reconocimiento a nivel internacional se ganaron distinguidos personajes que fungieron como representantes de M\u00e9xico en el exterior.<\/p>\n<p>Papel significativo tuvieron Gilberto Bosques, en Francia, y Gonzalo Mart\u00ednez Corbal\u00e1, en Chile, en momentos de gran apremio.<\/p>\n<p>El papel desempe\u00f1ado por Bosques durante la segunda guerra mundial y la ocupaci\u00f3n de los alemanes en Par\u00eds fue sumamente destacado, no solamente para los mexicanos, sino tambi\u00e9n para los espa\u00f1oles y de otras nacionalidades que obtuvieron salvoconductos otorgados por el c\u00f3nsul mexicano.<\/p>\n<p>A Mart\u00ednez Corbal\u00e1 le toc\u00f3 desempe\u00f1ar el papel de embajador de M\u00e9xico en Chile, durante el golpe de Estado de Augusto Pinochet, otorgando asilo a cientos de chilenos que se refugiaron en la embajada mexicana en Santiago, donde logr\u00f3 que M\u00e9xico les otorgara asilo pol\u00edtico.<\/p>\n<p>Los dos personajes, uno poblano y otro potosino, son recordados por sus grandes logros a nivel diplom\u00e1tico.<\/p>\n<p>Sin embargo, no son los \u00fanicos. M\u00e9xico por d\u00e9cadas destac\u00f3 en el concierto internacional por su pol\u00edtica diplom\u00e1tica.<\/p>\n<p>Alfonso Garc\u00eda Robles, quien fue secretario de Relaciones Exteriores, fue Premio Nobel de la Paz, por su intervenci\u00f3n como promotor destacado de los Tratados de Tlatelolco.\u00a0Impuls\u00f3 la desnuclearizaci\u00f3n en la regi\u00f3n: La idea era asegurar la prohibici\u00f3n de los armamentos nucleares y que esta parte del mundo no estuviera implicada en ning\u00fan conflicto entre las grandes potencias rivales. \u201cEn octubre de 1982 obtuvo el premio Nobel de la Paz por su magn\u00edfico trabajo en las negociaciones de desarme de las Naciones Unidas, distinci\u00f3n que comparti\u00f3 con la diplom\u00e1tica y escritora sueca\u00a0<a href=\"https:\/\/es.wikipedia.org\/wiki\/Alva_Myrdal\">Alva Reimer Myrdal<\/a>.<\/p>\n<p>Otro personaje mexicano destacado internacionalmente por su trabajo en el mundo diplom\u00e1tico fue Genaro Estrada (fue secretario de Relaciones Exteriores), creador de la \u201cDoctrina Estrada\u201d, que establece la no intervenci\u00f3n de M\u00e9xico en asuntos extranjeros. De acuerdo con ella M\u00e9xico no se inmiscuye en situaciones internas en otros pa\u00edses. Al d\u00eda de hoy se mantiene vigente, aunque en las \u00faltimas d\u00e9cadas parece haberse olvidado Tambi\u00e9n alg\u00fan tiempo se us\u00f3 la diplomacia como pretexto para que pol\u00edticos no agradables al r\u00e9gimen en turno salieran con sendos nombramientos al extranjero.<\/p>\n<p>Luis Echeverr\u00eda, en las Islas Fidji; Augusto G\u00f3mez Villanueva, en Italia y Nicaragua; y Porfirio Mu\u00f1oz Ledo, en la ONU, son algunos casos destacados.<\/p>\n<p>Sin embargo, actualmente la diplomacia ya no se practica de carrera, sino se usa para premiar deslealtades de pol\u00edticos trapecistas, que como las ratas abandonan el barco ante el naufragio de los organismos pol\u00edticos en los que militaron durante a\u00f1os, para sentirse a salvo, sin cargos de conciencia.<\/p>\n<p>De esa forma, desde el arribo de la 4T se procura atraer con el se\u00f1uelo de la zanahoria a pol\u00edticos que deseen hacer el cambio de siglas.<\/p>\n<p>Si durante la administraci\u00f3n de Andr\u00e9s Manuel L\u00f3pez Obrador se atrajo a los ex gobernadores de Sinaloa, Quirino Ordaz; Sonora, Claudia Pavlovich; Campeche, Carlos Aysa; Quintana Roo, Carlos Joaqu\u00edn (ex priista) e Hidalgo, Omar Fayad, entre otros priistas distinguidos para subirse al nuevo carro de la poderosa locomotora en que est\u00e1 convertido el Movimiento de Regeneraci\u00f3n Nacional, ahora, con la de Claudia Sheinbaum, se tienta de la misma forma a pol\u00edticos sin experiencia diplom\u00e1tica para que acepten un consulado, principalmente en Estados Unidos.<\/p>\n<p>Marco Antonio Mena, ex gobernador priista de Tlaxcala; Carlos Iriarte, ex diputado federal del PRI y ex alcalde priista de Huixquilucan, y Luis Rodr\u00edguez Bucio, ex comandante de la Guardia Nacional, son algunos de los futuros c\u00f3nsules.<\/p>\n<p><a href=\"mailto:ramonzurita44@gmail.com\">ramonzurita44@gmail.com<\/a><\/p>\n<p><a href=\"mailto:ramonzurita44@gmail.com\">ramonzurita44@gmail.com<\/a><\/p>\n<p>&nbsp;<\/p>\n<p>&nbsp;<\/p>\n","protected":false},"excerpt":{"rendered":"<p>&nbsp; De frente y de perfil\u00a0 Ram\u00f3n Zurita Sahag\u00fan &nbsp; &nbsp; Durante muchos a\u00f1os, M\u00e9xico se distingui\u00f3 por su servicio diplom\u00e1tico. Grandes recuerdos y reconocimiento a nivel internacional se ganaron distinguidos personajes que fungieron como representantes de M\u00e9xico en el exterior. Papel significativo tuvieron Gilberto Bosques, en Francia, y Gonzalo Mart\u00ednez Corbal\u00e1, en Chile, en [&hellip;]<\/p>\n","protected":false},"author":14,"featured_media":0,"comment_status":"open","ping_status":"open","sticky":false,"template":"","format":"standard","meta":{"_monsterinsights_skip_tracking":false,"_monsterinsights_sitenote_active":false,"_monsterinsights_sitenote_note":"","_monsterinsights_sitenote_category":0,"footnotes":""},"categories":[4,234],"tags":[],"class_list":["post-672813","post","type-post","status-publish","format-standard","hentry","category-opinion","category-ramon-zurita-sahagun"],"_links":{"self":[{"href":"https:\/\/www.diarioimagen.net\/index.php?rest_route=\/wp\/v2\/posts\/672813","targetHints":{"allow":["GET"]}}],"collection":[{"href":"https:\/\/www.diarioimagen.net\/index.php?rest_route=\/wp\/v2\/posts"}],"about":[{"href":"https:\/\/www.diarioimagen.net\/index.php?rest_route=\/wp\/v2\/types\/post"}],"author":[{"embeddable":true,"href":"https:\/\/www.diarioimagen.net\/index.php?rest_route=\/wp\/v2\/users\/14"}],"replies":[{"embeddable":true,"href":"https:\/\/www.diarioimagen.net\/index.php?rest_route=%2Fwp%2Fv2%2Fcomments&post=672813"}],"version-history":[{"count":1,"href":"https:\/\/www.diarioimagen.net\/index.php?rest_route=\/wp\/v2\/posts\/672813\/revisions"}],"predecessor-version":[{"id":672814,"href":"https:\/\/www.diarioimagen.net\/index.php?rest_route=\/wp\/v2\/posts\/672813\/revisions\/672814"}],"wp:attachment":[{"href":"https:\/\/www.diarioimagen.net\/index.php?rest_route=%2Fwp%2Fv2%2Fmedia&parent=672813"}],"wp:term":[{"taxonomy":"category","embeddable":true,"href":"https:\/\/www.diarioimagen.net\/index.php?rest_route=%2Fwp%2Fv2%2Fcategories&post=672813"},{"taxonomy":"post_tag","embeddable":true,"href":"https:\/\/www.diarioimagen.net\/index.php?rest_route=%2Fwp%2Fv2%2Ftags&post=672813"}],"curies":[{"name":"wp","href":"https:\/\/api.w.org\/{rel}","templated":true}]}}