{"id":672899,"date":"2025-06-25T00:00:55","date_gmt":"2025-06-25T06:00:55","guid":{"rendered":"https:\/\/www.diarioimagen.net\/?p=672899"},"modified":"2025-06-24T20:14:04","modified_gmt":"2025-06-25T02:14:04","slug":"el-gobierno-federal-debe-pagar-danos-por-desastres-naturales-dice-la-priista-cristina-ruiz","status":"publish","type":"post","link":"https:\/\/www.diarioimagen.net\/?p=672899","title":{"rendered":"El gobierno federal debe pagar da\u00f1os por  desastres naturales, dice la priista Cristina Ruiz"},"content":{"rendered":"<p>&nbsp;<\/p>\n<p>&nbsp;<\/p>\n<ul>\n<li><strong>Municipios desamparados, sin el Fonden<\/strong><\/li>\n<\/ul>\n<p><strong>\u00a0<\/strong><\/p>\n<div id=\"attachment_672900\" style=\"width: 226px\" class=\"wp-caption alignnone\"><img loading=\"lazy\" decoding=\"async\" aria-describedby=\"caption-attachment-672900\" class=\"wp-image-672900 size-large\" src=\"https:\/\/www.diarioimagen.net\/wp-content\/uploads\/2025\/06\/BAENA-1-ok-16-216x270.jpg\" alt=\"\" width=\"216\" height=\"270\" srcset=\"https:\/\/www.diarioimagen.net\/wp-content\/uploads\/2025\/06\/BAENA-1-ok-16-216x270.jpg 216w, https:\/\/www.diarioimagen.net\/wp-content\/uploads\/2025\/06\/BAENA-1-ok-16-192x240.jpg 192w, https:\/\/www.diarioimagen.net\/wp-content\/uploads\/2025\/06\/BAENA-1-ok-16-768x962.jpg 768w, https:\/\/www.diarioimagen.net\/wp-content\/uploads\/2025\/06\/BAENA-1-ok-16-1226x1536.jpg 1226w, https:\/\/www.diarioimagen.net\/wp-content\/uploads\/2025\/06\/BAENA-1-ok-16-1635x2048.jpg 1635w, https:\/\/www.diarioimagen.net\/wp-content\/uploads\/2025\/06\/BAENA-1-ok-16-scaled.jpg 2044w\" sizes=\"auto, (max-width: 216px) 100vw, 216px\" \/><p id=\"caption-attachment-672900\" class=\"wp-caption-text\">La presidenta del PRI Estado de M\u00e9xico, Cristina Ruiz, propone que el gobierno federal cubra el total de los da\u00f1os tanto colectivos como personales en caso de desastres naturales.<\/p><\/div>\n<p>&nbsp;<\/p>\n<p>Valle de M\u00e9xico.- Ante los incalculables da\u00f1os que provocan las fuertes lluvias de la temporada, el PRI propone que el gobierno federal cubra el total de los da\u00f1os tanto colectivos como personales en caso de desastres naturales, se\u00f1al\u00f3 la presidenta del PRI Estado de M\u00e9xico, Cristina Ruiz Sandoval.<\/p>\n<p>&nbsp;<\/p>\n<p>El Fondo de Desastres Naturales (Fonden) fue eliminado por el gobierno de Morena, sin ofrecer un mejor sistema, dejando un vac\u00edo institucional que cobra factura a las familias afectadas al borrar un presupuesto que estaba destinado a la atenci\u00f3n inmediata de los damnificados, lament\u00f3 la dirigente priista.<\/p>\n<p>&nbsp;<\/p>\n<p>Sin este fondo presupuestal es claro que los gobiernos locales est\u00e1n solos frente a la emergencia porque los pocos recursos que destinan no se distribuyen de forma t\u00e9cnica, sino discrecional, lo que propicia m\u00e1s desigualdad y abandono social, por lo que urge transparentarlos, apunt\u00f3.<\/p>\n<p>&nbsp;<\/p>\n<p>El Fonden fue por muchos a\u00f1os el fondo de recursos insignia de atenci\u00f3n y protecci\u00f3n civil a la poblaci\u00f3n ante la llegada de huracanes o en caso de sismos, hasta que la administraci\u00f3n morenista aprob\u00f3 eliminarlo en el a\u00f1o 2021, con graves afectaciones para las y los mexicanos, dijo.<\/p>\n<p>&nbsp;<\/p>\n<p>La eliminaci\u00f3n de este fideicomiso, destac\u00f3 Ruiz Sandoval, represent\u00f3 un recorte millonario, pues hasta antes de su eliminaci\u00f3n contaba con recursos de entre 15 mil y 20 mil millones de pesos anuales, cifra que variaba seg\u00fan las asignaciones presupuestales y emergencias de cada a\u00f1o, destac\u00f3.<\/p>\n<p>&nbsp;<\/p>\n<p>Se calcula que en total se eliminaron m\u00e1s de 33 mil millones de pesos acumulados relacionados con protecci\u00f3n civil y atenci\u00f3n de desastres, dejando como consecuencia a poblaci\u00f3n damnificada a la deriva y sin un apoyo inmediato del gobierno.<\/p>\n<p>&nbsp;<\/p>\n<p>&nbsp;<\/p>\n<p>&nbsp;<\/p>\n<p>&nbsp;<\/p>\n<p>&nbsp;<\/p>\n","protected":false},"excerpt":{"rendered":"<p>&nbsp; &nbsp; Municipios desamparados, sin el Fonden \u00a0 &nbsp; Valle de M\u00e9xico.- Ante los incalculables da\u00f1os que provocan las fuertes lluvias de la temporada, el PRI propone que el gobierno federal cubra el total de los da\u00f1os tanto colectivos como personales en caso de desastres naturales, se\u00f1al\u00f3 la presidenta del PRI Estado de M\u00e9xico, Cristina [&hellip;]<\/p>\n","protected":false},"author":14,"featured_media":672900,"comment_status":"open","ping_status":"open","sticky":false,"template":"","format":"standard","meta":{"_monsterinsights_skip_tracking":false,"_monsterinsights_sitenote_active":false,"_monsterinsights_sitenote_note":"","_monsterinsights_sitenote_category":0,"footnotes":""},"categories":[5],"tags":[],"class_list":["post-672899","post","type-post","status-publish","format-standard","has-post-thumbnail","hentry","category-estado-de-mexico"],"_links":{"self":[{"href":"https:\/\/www.diarioimagen.net\/index.php?rest_route=\/wp\/v2\/posts\/672899","targetHints":{"allow":["GET"]}}],"collection":[{"href":"https:\/\/www.diarioimagen.net\/index.php?rest_route=\/wp\/v2\/posts"}],"about":[{"href":"https:\/\/www.diarioimagen.net\/index.php?rest_route=\/wp\/v2\/types\/post"}],"author":[{"embeddable":true,"href":"https:\/\/www.diarioimagen.net\/index.php?rest_route=\/wp\/v2\/users\/14"}],"replies":[{"embeddable":true,"href":"https:\/\/www.diarioimagen.net\/index.php?rest_route=%2Fwp%2Fv2%2Fcomments&post=672899"}],"version-history":[{"count":1,"href":"https:\/\/www.diarioimagen.net\/index.php?rest_route=\/wp\/v2\/posts\/672899\/revisions"}],"predecessor-version":[{"id":672901,"href":"https:\/\/www.diarioimagen.net\/index.php?rest_route=\/wp\/v2\/posts\/672899\/revisions\/672901"}],"wp:featuredmedia":[{"embeddable":true,"href":"https:\/\/www.diarioimagen.net\/index.php?rest_route=\/wp\/v2\/media\/672900"}],"wp:attachment":[{"href":"https:\/\/www.diarioimagen.net\/index.php?rest_route=%2Fwp%2Fv2%2Fmedia&parent=672899"}],"wp:term":[{"taxonomy":"category","embeddable":true,"href":"https:\/\/www.diarioimagen.net\/index.php?rest_route=%2Fwp%2Fv2%2Fcategories&post=672899"},{"taxonomy":"post_tag","embeddable":true,"href":"https:\/\/www.diarioimagen.net\/index.php?rest_route=%2Fwp%2Fv2%2Ftags&post=672899"}],"curies":[{"name":"wp","href":"https:\/\/api.w.org\/{rel}","templated":true}]}}