{"id":672922,"date":"2025-06-25T00:00:54","date_gmt":"2025-06-25T06:00:54","guid":{"rendered":"https:\/\/www.diarioimagen.net\/?p=672922"},"modified":"2025-06-24T20:52:27","modified_gmt":"2025-06-25T02:52:27","slug":"lidera-estado-de-mexico-a-la-industria-automotriz-nacional","status":"publish","type":"post","link":"https:\/\/www.diarioimagen.net\/?p=672922","title":{"rendered":"Lidera Estado de M\u00e9xico a la industria automotriz nacional"},"content":{"rendered":"<ul>\n<li><strong>Con m\u00e1s de 12,000 empresas en este sector<\/strong><\/li>\n<\/ul>\n<p>&nbsp;<\/p>\n<p>&nbsp;<\/p>\n<div id=\"attachment_672923\" style=\"width: 424px\" class=\"wp-caption alignnone\"><img loading=\"lazy\" decoding=\"async\" aria-describedby=\"caption-attachment-672923\" class=\"wp-image-672923 size-large\" src=\"https:\/\/www.diarioimagen.net\/wp-content\/uploads\/2025\/06\/EDOMEX-2-ok-13-414x270.jpg\" alt=\"\" width=\"414\" height=\"270\" srcset=\"https:\/\/www.diarioimagen.net\/wp-content\/uploads\/2025\/06\/EDOMEX-2-ok-13-414x270.jpg 414w, https:\/\/www.diarioimagen.net\/wp-content\/uploads\/2025\/06\/EDOMEX-2-ok-13-240x156.jpg 240w, https:\/\/www.diarioimagen.net\/wp-content\/uploads\/2025\/06\/EDOMEX-2-ok-13-768x501.jpg 768w, https:\/\/www.diarioimagen.net\/wp-content\/uploads\/2025\/06\/EDOMEX-2-ok-13.jpg 1500w\" sizes=\"auto, (max-width: 414px) 100vw, 414px\" \/><p id=\"caption-attachment-672923\" class=\"wp-caption-text\">Durante la ceremonia por el centenario de Ford en M\u00e9xico, Laura Gonz\u00e1lez Hern\u00e1ndez, titular de la Sedeco, dio a conocer que en Edomex se ensambl\u00f3 el primer veh\u00edculo el\u00e9ctrico nacional, el Mustang Mach-E, exportado a m\u00e1s de 30 pa\u00edses desde la planta de Cuautitl\u00e1n Izcalli.<\/p><\/div>\n<p>&nbsp;<\/p>\n<p>&nbsp;<\/p>\n<p>Naucalpan, Estado de M\u00e9xico.\u2013 Con 12 mil 457 empresas vinculadas a la industria automotriz, el Estado de M\u00e9xico se posiciona como el l\u00edder nacional en este sector, que representa uno de los pilares productivos m\u00e1s relevantes para la econom\u00eda del pa\u00eds.<\/p>\n<p>Durante la ceremonia por el centenario de Ford en M\u00e9xico, Laura Gonz\u00e1lez Hern\u00e1ndez, titular de la Secretar\u00eda de Desarrollo Econ\u00f3mico (Sedeco), dio a conocer que en la entidad se ensambl\u00f3 el primer veh\u00edculo el\u00e9ctrico nacional, el Mustang Mach-E, exportado a m\u00e1s de 30 pa\u00edses desde la planta de Cuautitl\u00e1n Izcalli.<\/p>\n<p>Con la representaci\u00f3n de la gobernadora Delfina G\u00f3mez \u00c1lvarez, la titular de Sedeco precis\u00f3 que, s\u00f3lo en 2024, el 58 por ciento de las exportaciones mexiquenses correspondieron a equipo de transporte, y que este sector ha captado el 16.5 por ciento de la Inversi\u00f3n Extranjera Directa (IED) estatal y la generaci\u00f3n de empleos.<\/p>\n<p>\u201cHoy Ford genera m\u00e1s de 6 mil empleos directos en el Estado de M\u00e9xico, los que con toda seguridad seguir\u00e1n creciendo, porque este territorio es en el que ofrecemos condiciones de alta competitividad para las inversiones, certeza jur\u00eddica para los inversionistas y talento humano claramente orientado al dar los mejores resultados en su \u00e1mbito de responsabilidad laboral\u201d, afirm\u00f3 Laura Gonz\u00e1lez Hern\u00e1ndez.<\/p>\n<p>Asimismo, autoridades estatales y federales destacaron la consolidaci\u00f3n del EdoM\u00e9x como motor clave de la industria automotriz, al concentrar el 10 por ciento del valor agregado del sector en el pa\u00eds y albergar nueve plantas armadoras, dos f\u00e1bricas de motores y el primer centro global de tecnolog\u00eda de la firma en Am\u00e9rica Latina.<\/p>\n<p>&nbsp;<\/p>\n<p>&nbsp;<\/p>\n","protected":false},"excerpt":{"rendered":"<p>Con m\u00e1s de 12,000 empresas en este sector &nbsp; &nbsp; &nbsp; &nbsp; Naucalpan, Estado de M\u00e9xico.\u2013 Con 12 mil 457 empresas vinculadas a la industria automotriz, el Estado de M\u00e9xico se posiciona como el l\u00edder nacional en este sector, que representa uno de los pilares productivos m\u00e1s relevantes para la econom\u00eda del pa\u00eds. Durante la [&hellip;]<\/p>\n","protected":false},"author":14,"featured_media":672923,"comment_status":"open","ping_status":"open","sticky":false,"template":"","format":"standard","meta":{"_monsterinsights_skip_tracking":false,"_monsterinsights_sitenote_active":false,"_monsterinsights_sitenote_note":"","_monsterinsights_sitenote_category":0,"footnotes":""},"categories":[5],"tags":[],"class_list":["post-672922","post","type-post","status-publish","format-standard","has-post-thumbnail","hentry","category-estado-de-mexico"],"_links":{"self":[{"href":"https:\/\/www.diarioimagen.net\/index.php?rest_route=\/wp\/v2\/posts\/672922","targetHints":{"allow":["GET"]}}],"collection":[{"href":"https:\/\/www.diarioimagen.net\/index.php?rest_route=\/wp\/v2\/posts"}],"about":[{"href":"https:\/\/www.diarioimagen.net\/index.php?rest_route=\/wp\/v2\/types\/post"}],"author":[{"embeddable":true,"href":"https:\/\/www.diarioimagen.net\/index.php?rest_route=\/wp\/v2\/users\/14"}],"replies":[{"embeddable":true,"href":"https:\/\/www.diarioimagen.net\/index.php?rest_route=%2Fwp%2Fv2%2Fcomments&post=672922"}],"version-history":[{"count":1,"href":"https:\/\/www.diarioimagen.net\/index.php?rest_route=\/wp\/v2\/posts\/672922\/revisions"}],"predecessor-version":[{"id":672924,"href":"https:\/\/www.diarioimagen.net\/index.php?rest_route=\/wp\/v2\/posts\/672922\/revisions\/672924"}],"wp:featuredmedia":[{"embeddable":true,"href":"https:\/\/www.diarioimagen.net\/index.php?rest_route=\/wp\/v2\/media\/672923"}],"wp:attachment":[{"href":"https:\/\/www.diarioimagen.net\/index.php?rest_route=%2Fwp%2Fv2%2Fmedia&parent=672922"}],"wp:term":[{"taxonomy":"category","embeddable":true,"href":"https:\/\/www.diarioimagen.net\/index.php?rest_route=%2Fwp%2Fv2%2Fcategories&post=672922"},{"taxonomy":"post_tag","embeddable":true,"href":"https:\/\/www.diarioimagen.net\/index.php?rest_route=%2Fwp%2Fv2%2Ftags&post=672922"}],"curies":[{"name":"wp","href":"https:\/\/api.w.org\/{rel}","templated":true}]}}