{"id":672928,"date":"2025-06-25T00:00:44","date_gmt":"2025-06-25T06:00:44","guid":{"rendered":"https:\/\/www.diarioimagen.net\/?p=672928"},"modified":"2025-06-24T20:57:11","modified_gmt":"2025-06-25T02:57:11","slug":"la-esfera-de-buga-la-investigacion-que-podria-cambiar-el-rumbo-de-la-historia","status":"publish","type":"post","link":"https:\/\/www.diarioimagen.net\/?p=672928","title":{"rendered":"La Esfera de Buga: La investigaci\u00f3n que podr\u00eda cambiar el rumbo de la historia"},"content":{"rendered":"<ul>\n<li><strong>A cargo de Jaime Maussan <\/strong><\/li>\n<li><strong>Surc\u00f3 los cielos de Colombia de manera inexplicable<\/strong><\/li>\n<\/ul>\n<p>&nbsp;<\/p>\n<p><img loading=\"lazy\" decoding=\"async\" class=\"alignnone wp-image-672939 size-large\" src=\"https:\/\/www.diarioimagen.net\/wp-content\/uploads\/2025\/06\/JAIME01-202x270.jpeg\" alt=\"\" width=\"202\" height=\"270\" srcset=\"https:\/\/www.diarioimagen.net\/wp-content\/uploads\/2025\/06\/JAIME01-202x270.jpeg 202w, https:\/\/www.diarioimagen.net\/wp-content\/uploads\/2025\/06\/JAIME01-180x240.jpeg 180w, https:\/\/www.diarioimagen.net\/wp-content\/uploads\/2025\/06\/JAIME01-768x1024.jpeg 768w, https:\/\/www.diarioimagen.net\/wp-content\/uploads\/2025\/06\/JAIME01-1152x1536.jpeg 1152w, https:\/\/www.diarioimagen.net\/wp-content\/uploads\/2025\/06\/JAIME01.jpeg 1333w\" sizes=\"auto, (max-width: 202px) 100vw, 202px\" \/><\/p>\n<p>Jaime Maussan presenta los resultados de las investigaciones cient\u00edficas realizadas hasta ahora de la extraordinaria esfera que surc\u00f3 los cielos de Colombia de manera inexplicable, a la cual se le conoce como: la Esfera de Buga.<\/p>\n<p>La Esfera de Buga es un importante descubrimiento que podr\u00eda cambiar la percepci\u00f3n que la humanidad tiene del universo; es un objeto met\u00e1lico y tecnol\u00f3gico, de origen desconocido que fue visto volando en el Municipio de Buga en el Valle del Cauca en Colombia y que descendi\u00f3 mientras un testigo la videogrababa.<\/p>\n<p>La Esfera de Buga, fue recuperada por un habitante del Valle del Cauca y tras una primera investigaci\u00f3n, fue entregada a Jaime Maussan para profundizar los an\u00e1lisis. De acuerdo con las primeras conclusiones cient\u00edficas es una esfera tecnol\u00f3gica cuya aleaci\u00f3n es de aluminio en mayor cantidad, adem\u00e1s de zinc, cobre, hierro, magnesio, manganeso y n\u00edquel. La Esfera de Buga, es el primer objeto extraordinario de origen desconocido que est\u00e1 en manos de la poblaci\u00f3n civil.<\/p>\n<p>Otra de las caracter\u00edsticas que hace especial a la esfera, es el hallazgo de fibras \u00f3pticas de diferentes di\u00e1metros. La diversidad de los di\u00e1metros de las fibras \u00f3pticas est\u00e1 asociadas a sensores para percibir todo que este cerca de ella. Las fibras \u00f3pticas se encuentran en el centro de la esfera, a modo de un anillo, que se distribuyen en 31 peque\u00f1as ventanas formadas de pol\u00edmero color negro.<\/p>\n<p>Tambi\u00e9n en la esfera se observa la apariencia de un chip en la zona norte, esa misma zona est\u00e1 rodeada de s\u00edmbolos desconocidos y la grabaci\u00f3n de medias lunas. La simbolog\u00eda y los grabados hasta el momento no fueron descifrados, pero sin duda son una caracter\u00edstica fundamental de la esfera.<\/p>\n<p>Los descubrimientos en la esfera revelan que hay tecnolog\u00eda avanzada en ella; estas conclusiones llevan a inferir la presencia de una inteligencia externa que la construyo.<\/p>\n","protected":false},"excerpt":{"rendered":"<p>A cargo de Jaime Maussan Surc\u00f3 los cielos de Colombia de manera inexplicable &nbsp; Jaime Maussan presenta los resultados de las investigaciones cient\u00edficas realizadas hasta ahora de la extraordinaria esfera que surc\u00f3 los cielos de Colombia de manera inexplicable, a la cual se le conoce como: la Esfera de Buga. La Esfera de Buga es [&hellip;]<\/p>\n","protected":false},"author":14,"featured_media":672939,"comment_status":"open","ping_status":"open","sticky":false,"template":"","format":"standard","meta":{"_monsterinsights_skip_tracking":false,"_monsterinsights_sitenote_active":false,"_monsterinsights_sitenote_note":"","_monsterinsights_sitenote_category":0,"footnotes":""},"categories":[16,12],"tags":[],"class_list":["post-672928","post","type-post","status-publish","format-standard","has-post-thumbnail","hentry","category-destacadas","category-espectaculos"],"_links":{"self":[{"href":"https:\/\/www.diarioimagen.net\/index.php?rest_route=\/wp\/v2\/posts\/672928","targetHints":{"allow":["GET"]}}],"collection":[{"href":"https:\/\/www.diarioimagen.net\/index.php?rest_route=\/wp\/v2\/posts"}],"about":[{"href":"https:\/\/www.diarioimagen.net\/index.php?rest_route=\/wp\/v2\/types\/post"}],"author":[{"embeddable":true,"href":"https:\/\/www.diarioimagen.net\/index.php?rest_route=\/wp\/v2\/users\/14"}],"replies":[{"embeddable":true,"href":"https:\/\/www.diarioimagen.net\/index.php?rest_route=%2Fwp%2Fv2%2Fcomments&post=672928"}],"version-history":[{"count":1,"href":"https:\/\/www.diarioimagen.net\/index.php?rest_route=\/wp\/v2\/posts\/672928\/revisions"}],"predecessor-version":[{"id":672957,"href":"https:\/\/www.diarioimagen.net\/index.php?rest_route=\/wp\/v2\/posts\/672928\/revisions\/672957"}],"wp:featuredmedia":[{"embeddable":true,"href":"https:\/\/www.diarioimagen.net\/index.php?rest_route=\/wp\/v2\/media\/672939"}],"wp:attachment":[{"href":"https:\/\/www.diarioimagen.net\/index.php?rest_route=%2Fwp%2Fv2%2Fmedia&parent=672928"}],"wp:term":[{"taxonomy":"category","embeddable":true,"href":"https:\/\/www.diarioimagen.net\/index.php?rest_route=%2Fwp%2Fv2%2Fcategories&post=672928"},{"taxonomy":"post_tag","embeddable":true,"href":"https:\/\/www.diarioimagen.net\/index.php?rest_route=%2Fwp%2Fv2%2Ftags&post=672928"}],"curies":[{"name":"wp","href":"https:\/\/api.w.org\/{rel}","templated":true}]}}