{"id":673139,"date":"2025-06-26T00:00:49","date_gmt":"2025-06-26T06:00:49","guid":{"rendered":"https:\/\/www.diarioimagen.net\/?p=673139"},"modified":"2025-06-25T20:28:16","modified_gmt":"2025-06-26T02:28:16","slug":"proteccion-civil-contara-con-nuevas-ambulancias-alcalde-isaac-montoya","status":"publish","type":"post","link":"https:\/\/www.diarioimagen.net\/?p=673139","title":{"rendered":"Protecci\u00f3n Civil contar\u00e1 con nuevas ambulancias: alcalde Isaac Montoya"},"content":{"rendered":"<p>&nbsp;<\/p>\n<ul>\n<li><strong>Habr\u00e1 mayor cobertura en Naucalpan<\/strong><\/li>\n<\/ul>\n<div id=\"attachment_673140\" style=\"width: 415px\" class=\"wp-caption alignnone\"><img loading=\"lazy\" decoding=\"async\" aria-describedby=\"caption-attachment-673140\" class=\"wp-image-673140 size-large\" src=\"https:\/\/www.diarioimagen.net\/wp-content\/uploads\/2025\/06\/BAENA-2-ok-17-405x270.jpg\" alt=\"\" width=\"405\" height=\"270\" srcset=\"https:\/\/www.diarioimagen.net\/wp-content\/uploads\/2025\/06\/BAENA-2-ok-17-405x270.jpg 405w, https:\/\/www.diarioimagen.net\/wp-content\/uploads\/2025\/06\/BAENA-2-ok-17-240x160.jpg 240w, https:\/\/www.diarioimagen.net\/wp-content\/uploads\/2025\/06\/BAENA-2-ok-17-768x511.jpg 768w, https:\/\/www.diarioimagen.net\/wp-content\/uploads\/2025\/06\/BAENA-2-ok-17.jpg 1500w\" sizes=\"auto, (max-width: 405px) 100vw, 405px\" \/><p id=\"caption-attachment-673140\" class=\"wp-caption-text\">El alcalde Isaac Montoya anunci\u00f3 que pronto Protecci\u00f3n Civil contar\u00e1 con nuevas ambulancias para tener una mayor cobertura en Naucalpan.<\/p><\/div>\n<p>Naucalpan, M\u00e9x.- Al reconocer la labor de las y los param\u00e9dicos, as\u00ed como de todos los elementos de Protecci\u00f3n Civil y Bomberos, por estar siempre al servicio de los naucalpenses y atender las emergencias, el presidente municipal Isaac Montoya destac\u00f3 que pronto se adquirir\u00e1n de nuevas ambulancias para contar con una mayor cobertura en el municipio.<\/p>\n<p>En el marco del D\u00eda Internacional de la Param\u00e9dica y el Param\u00e9dico, el alcalde agradeci\u00f3 la labor del personal de Protecci\u00f3n Civil y Bomberos porque su labor muchas veces no se reconoce, sin embargo en las emergencias es trascendente y vital para salvaguardar la vida de los dem\u00e1s en cualquier ciudad.<\/p>\n<p>En las instalaciones de la Coordinaci\u00f3n Municipal de Protecci\u00f3n Civil y Bomberos, Montoya M\u00e1rquez refiri\u00f3 que se proyecta mejorar tanto las instalaciones como las condiciones laborales de todas y de todos, porque sabe que en aquellas \u00e1reas m\u00e1s sensibles, es donde se debe estar atento y apoyar de mejor forma.<\/p>\n<p>Isaac Montoya festej\u00f3 esta conmemoraci\u00f3n con elementos de la Coordinaci\u00f3n Municipal de Protecci\u00f3n Civil y Bomberos con quienes comparti\u00f3 que, tambi\u00e9n est\u00e1 proyectado crear el nuevo Centro Integral de Seguridad de Emergencias y Justicia.<\/p>\n<p>Este Centro, agreg\u00f3, contar\u00e1 con un nuevo C4, juez c\u00edvico, param\u00e9dicos y bomberos, as\u00ed como elementos de seguridad para atender de manera m\u00e1s pronta y efectiva las emergencias de la poblaci\u00f3n.<\/p>\n<p>Puntualiz\u00f3 que sabe de la m\u00edstica de servicio y dedicaci\u00f3n que se tiene en la Coordinaci\u00f3n Municipal de Protecci\u00f3n Civil y Bomberos. Por ello, como parte del festejo, se rifaron 6 pantallas para los elementos de salvaguarda naucalpenses.<\/p>\n<p>&nbsp;<\/p>\n","protected":false},"excerpt":{"rendered":"<p>&nbsp; Habr\u00e1 mayor cobertura en Naucalpan Naucalpan, M\u00e9x.- Al reconocer la labor de las y los param\u00e9dicos, as\u00ed como de todos los elementos de Protecci\u00f3n Civil y Bomberos, por estar siempre al servicio de los naucalpenses y atender las emergencias, el presidente municipal Isaac Montoya destac\u00f3 que pronto se adquirir\u00e1n de nuevas ambulancias para contar [&hellip;]<\/p>\n","protected":false},"author":14,"featured_media":673140,"comment_status":"open","ping_status":"open","sticky":false,"template":"","format":"standard","meta":{"_monsterinsights_skip_tracking":false,"_monsterinsights_sitenote_active":false,"_monsterinsights_sitenote_note":"","_monsterinsights_sitenote_category":0,"footnotes":""},"categories":[5],"tags":[],"class_list":["post-673139","post","type-post","status-publish","format-standard","has-post-thumbnail","hentry","category-estado-de-mexico"],"_links":{"self":[{"href":"https:\/\/www.diarioimagen.net\/index.php?rest_route=\/wp\/v2\/posts\/673139","targetHints":{"allow":["GET"]}}],"collection":[{"href":"https:\/\/www.diarioimagen.net\/index.php?rest_route=\/wp\/v2\/posts"}],"about":[{"href":"https:\/\/www.diarioimagen.net\/index.php?rest_route=\/wp\/v2\/types\/post"}],"author":[{"embeddable":true,"href":"https:\/\/www.diarioimagen.net\/index.php?rest_route=\/wp\/v2\/users\/14"}],"replies":[{"embeddable":true,"href":"https:\/\/www.diarioimagen.net\/index.php?rest_route=%2Fwp%2Fv2%2Fcomments&post=673139"}],"version-history":[{"count":1,"href":"https:\/\/www.diarioimagen.net\/index.php?rest_route=\/wp\/v2\/posts\/673139\/revisions"}],"predecessor-version":[{"id":673141,"href":"https:\/\/www.diarioimagen.net\/index.php?rest_route=\/wp\/v2\/posts\/673139\/revisions\/673141"}],"wp:featuredmedia":[{"embeddable":true,"href":"https:\/\/www.diarioimagen.net\/index.php?rest_route=\/wp\/v2\/media\/673140"}],"wp:attachment":[{"href":"https:\/\/www.diarioimagen.net\/index.php?rest_route=%2Fwp%2Fv2%2Fmedia&parent=673139"}],"wp:term":[{"taxonomy":"category","embeddable":true,"href":"https:\/\/www.diarioimagen.net\/index.php?rest_route=%2Fwp%2Fv2%2Fcategories&post=673139"},{"taxonomy":"post_tag","embeddable":true,"href":"https:\/\/www.diarioimagen.net\/index.php?rest_route=%2Fwp%2Fv2%2Ftags&post=673139"}],"curies":[{"name":"wp","href":"https:\/\/api.w.org\/{rel}","templated":true}]}}