{"id":673145,"date":"2025-06-26T00:00:49","date_gmt":"2025-06-26T06:00:49","guid":{"rendered":"https:\/\/www.diarioimagen.net\/?p=673145"},"modified":"2025-06-25T20:31:41","modified_gmt":"2025-06-26T02:31:41","slug":"el-gobierno-de-atizapan-de-zaragoza-rehabilita-vialidades","status":"publish","type":"post","link":"https:\/\/www.diarioimagen.net\/?p=673145","title":{"rendered":"El gobierno de Atizap\u00e1n de Zaragoza rehabilita vialidades"},"content":{"rendered":"<div id=\"attachment_673146\" style=\"width: 470px\" class=\"wp-caption alignnone\"><img loading=\"lazy\" decoding=\"async\" aria-describedby=\"caption-attachment-673146\" class=\"wp-image-673146 size-large\" src=\"https:\/\/www.diarioimagen.net\/wp-content\/uploads\/2025\/06\/BAENA-4-ok-18-460x265.jpg\" alt=\"\" width=\"460\" height=\"265\" srcset=\"https:\/\/www.diarioimagen.net\/wp-content\/uploads\/2025\/06\/BAENA-4-ok-18-460x265.jpg 460w, https:\/\/www.diarioimagen.net\/wp-content\/uploads\/2025\/06\/BAENA-4-ok-18-240x138.jpg 240w, https:\/\/www.diarioimagen.net\/wp-content\/uploads\/2025\/06\/BAENA-4-ok-18-768x442.jpg 768w, https:\/\/www.diarioimagen.net\/wp-content\/uploads\/2025\/06\/BAENA-4-ok-18.jpg 1500w\" sizes=\"auto, (max-width: 460px) 100vw, 460px\" \/><p id=\"caption-attachment-673146\" class=\"wp-caption-text\">El gobierno de Atizap\u00e1n de Zaragoza rehabilita vialidades<\/p><\/div>\n<p>&nbsp;<\/p>\n<p>Atizap\u00e1n de Zaragoza, M\u00e9x.- Cumpliendo con el compromiso de mejorar la infraestructura urbana y la calidad de vida de las familias atizapenses, el presidente municipal Pedro Rodr\u00edguez Villegas dio el banderazo de inicio a los trabajos de rehabilitaci\u00f3n con concreto asf\u00e1ltico de la calle De los Gansos, en el tramo de calle T\u00f3rtolas a T\u00f3rtolas, en el fraccionamiento Las Alamedas. Acompa\u00f1ado por su esposa y Presidenta Honoraria del Sistema Municipal DIF, Patricia Ar\u00e9valo, as\u00ed como por miembros del Cabildo y directores de su administraci\u00f3n, el alcalde destac\u00f3 que esta obra es una respuesta directa a las peticiones de los vecinos, quienes por a\u00f1os hab\u00edan solicitado la mejora de esta importante vialidad.<\/p>\n<p>&nbsp;<\/p>\n<p>&nbsp;<\/p>\n<p>&nbsp;<\/p>\n<p>\u00abTrabajamos para que cada rinc\u00f3n de Atizap\u00e1n tenga calles dignas y seguras. Una calle bien pavimentada no solo mejora la imagen de nuestra comunidad, sino que tambi\u00e9n se traduce en seguridad para los peatones, en un tr\u00e1nsito m\u00e1s \u00e1gil para los automovilistas y en un incremento en la plusval\u00eda de sus hogares\u00bb, se\u00f1al\u00f3 el Presidente Rodr\u00edguez Villegas durante el arranque de los trabajos.<\/p>\n<p>&nbsp;<\/p>\n<p>La obra de rehabilitaci\u00f3n abarcar\u00e1 una longitud de 473 metros lineales y una superficie total de 3,747 metros cuadrados.<\/p>\n<p>&nbsp;<\/p>\n<p>Los trabajos a realizar incluyen:<\/p>\n<p>Fresado de la carpeta asf\u00e1ltica existente.<\/p>\n<p>Construcci\u00f3n de una nueva superficie de rodamiento con 7 cent\u00edmetros de espesor de concreto asf\u00e1ltico.<\/p>\n","protected":false},"excerpt":{"rendered":"<p>&nbsp; Atizap\u00e1n de Zaragoza, M\u00e9x.- Cumpliendo con el compromiso de mejorar la infraestructura urbana y la calidad de vida de las familias atizapenses, el presidente municipal Pedro Rodr\u00edguez Villegas dio el banderazo de inicio a los trabajos de rehabilitaci\u00f3n con concreto asf\u00e1ltico de la calle De los Gansos, en el tramo de calle T\u00f3rtolas a [&hellip;]<\/p>\n","protected":false},"author":14,"featured_media":673146,"comment_status":"open","ping_status":"open","sticky":false,"template":"","format":"standard","meta":{"_monsterinsights_skip_tracking":false,"_monsterinsights_sitenote_active":false,"_monsterinsights_sitenote_note":"","_monsterinsights_sitenote_category":0,"footnotes":""},"categories":[5],"tags":[],"class_list":["post-673145","post","type-post","status-publish","format-standard","has-post-thumbnail","hentry","category-estado-de-mexico"],"_links":{"self":[{"href":"https:\/\/www.diarioimagen.net\/index.php?rest_route=\/wp\/v2\/posts\/673145","targetHints":{"allow":["GET"]}}],"collection":[{"href":"https:\/\/www.diarioimagen.net\/index.php?rest_route=\/wp\/v2\/posts"}],"about":[{"href":"https:\/\/www.diarioimagen.net\/index.php?rest_route=\/wp\/v2\/types\/post"}],"author":[{"embeddable":true,"href":"https:\/\/www.diarioimagen.net\/index.php?rest_route=\/wp\/v2\/users\/14"}],"replies":[{"embeddable":true,"href":"https:\/\/www.diarioimagen.net\/index.php?rest_route=%2Fwp%2Fv2%2Fcomments&post=673145"}],"version-history":[{"count":1,"href":"https:\/\/www.diarioimagen.net\/index.php?rest_route=\/wp\/v2\/posts\/673145\/revisions"}],"predecessor-version":[{"id":673147,"href":"https:\/\/www.diarioimagen.net\/index.php?rest_route=\/wp\/v2\/posts\/673145\/revisions\/673147"}],"wp:featuredmedia":[{"embeddable":true,"href":"https:\/\/www.diarioimagen.net\/index.php?rest_route=\/wp\/v2\/media\/673146"}],"wp:attachment":[{"href":"https:\/\/www.diarioimagen.net\/index.php?rest_route=%2Fwp%2Fv2%2Fmedia&parent=673145"}],"wp:term":[{"taxonomy":"category","embeddable":true,"href":"https:\/\/www.diarioimagen.net\/index.php?rest_route=%2Fwp%2Fv2%2Fcategories&post=673145"},{"taxonomy":"post_tag","embeddable":true,"href":"https:\/\/www.diarioimagen.net\/index.php?rest_route=%2Fwp%2Fv2%2Ftags&post=673145"}],"curies":[{"name":"wp","href":"https:\/\/api.w.org\/{rel}","templated":true}]}}