{"id":673160,"date":"2025-06-26T00:00:52","date_gmt":"2025-06-26T06:00:52","guid":{"rendered":"https:\/\/www.diarioimagen.net\/?p=673160"},"modified":"2025-06-25T20:38:29","modified_gmt":"2025-06-26T02:38:29","slug":"difunde-gobierno-de-edomex-atlas-de-inundaciones-2025","status":"publish","type":"post","link":"https:\/\/www.diarioimagen.net\/?p=673160","title":{"rendered":"Difunde gobierno de Edomex Atlas de Inundaciones 2025"},"content":{"rendered":"<p>&nbsp;<\/p>\n<ul>\n<li><strong>Permite prevenir afectaciones por lluvias<\/strong><\/li>\n<\/ul>\n<p><strong>\u00a0<\/strong><\/p>\n<p>&nbsp;<\/p>\n<p><strong><img loading=\"lazy\" decoding=\"async\" class=\"alignnone wp-image-673161 size-large\" src=\"https:\/\/www.diarioimagen.net\/wp-content\/uploads\/2025\/06\/EDOMEX-2-ok-14-405x270.jpg\" alt=\"\" width=\"405\" height=\"270\" srcset=\"https:\/\/www.diarioimagen.net\/wp-content\/uploads\/2025\/06\/EDOMEX-2-ok-14-405x270.jpg 405w, https:\/\/www.diarioimagen.net\/wp-content\/uploads\/2025\/06\/EDOMEX-2-ok-14-240x160.jpg 240w, https:\/\/www.diarioimagen.net\/wp-content\/uploads\/2025\/06\/EDOMEX-2-ok-14-768x511.jpg 768w, https:\/\/www.diarioimagen.net\/wp-content\/uploads\/2025\/06\/EDOMEX-2-ok-14.jpg 1500w\" sizes=\"auto, (max-width: 405px) 100vw, 405px\" \/>\u00a0<\/strong><\/p>\n<p><strong>\u00a0<\/strong><\/p>\n<p><strong>\u00a0<\/strong><\/p>\n<p>Toluca, Estado de M\u00e9xico. &#8211; Con el prop\u00f3sito de mitigar riesgos y proteger a la poblaci\u00f3n durante la temporada de lluvias, el Gobierno del Estado de M\u00e9xico public\u00f3 el Atlas de Inundaciones Edici\u00f3n XXXI 2025, una herramienta fundamental para identificar zonas vulnerables.<\/p>\n<p>&nbsp;<\/p>\n<p>El documento elaborado por la Comisi\u00f3n del Agua del Estado de M\u00e9xico (CAEM), tiene como objetivo identificar las obras y acciones preventivas, correctivas y emergentes necesarias para optimizar la operaci\u00f3n de la infraestructura hidr\u00e1ulica de drenaje y minimizar los da\u00f1os a la poblaci\u00f3n y sus bienes.<\/p>\n<p>&nbsp;<\/p>\n<p>Estas tareas deber\u00e1n ser ejecutadas por las distintas dependencias de los tres niveles de Gobierno, conforme a sus respectivas competencias.<\/p>\n<p>&nbsp;<\/p>\n<p>La herramienta est\u00e1 disponible en la p\u00e1gina web: https:\/\/caem.edomex.gob.mx\/node\/221, donde puede ser consultado por investigadores, estudiantes y el p\u00fablico en general a trav\u00e9s de sus tres versiones: Ejecutiva, Completa y el Portal Ciudadano.<\/p>\n<p>&nbsp;<\/p>\n<p>&nbsp;<\/p>\n<p>&nbsp;<\/p>\n<ul>\n<li>Ejecutiva: Presenta un resumen municipal de las afectaciones registradas, incluyendo sitios, colonias, inmuebles y personas impactadas.<\/li>\n<\/ul>\n<p>&nbsp;<\/p>\n<ul>\n<li>Completa: Incorpora animaciones y gr\u00e1ficos interactivos con datos detallados por regi\u00f3n, municipio y sitio, adem\u00e1s de recomendaciones para mitigar inundaciones y proponer obras de drenaje.<\/li>\n<\/ul>\n<p>&nbsp;<\/p>\n<ul>\n<li>Portal ciudadano: Tiene un sistema cartogr\u00e1fico en l\u00ednea que permite consultar los da\u00f1os por lluvias de 2018 a 2024 a nivel estatal, regional y municipal.<\/li>\n<\/ul>\n<p>&nbsp;<\/p>\n<p>&nbsp;<\/p>\n<p>&nbsp;<\/p>\n<p>El Atlas registra 98 puntos cr\u00edticos en 99 colonias ubicadas en 34 municipios que presentaron afectaciones durante 2024 debido a obstrucci\u00f3n por basura, saturaci\u00f3n del sistema de drenaje, crecimiento urbano irregular y construcci\u00f3n en \u00e1reas inundables.<\/p>\n<p>&nbsp;<\/p>\n<p>&nbsp;<\/p>\n<p>&nbsp;<\/p>\n<p>Adem\u00e1s, este instrumento permite acceder a:<\/p>\n<p>&nbsp;<\/p>\n<p>&nbsp;<\/p>\n<p>&nbsp;<\/p>\n<ul>\n<li>El Programa de Prevenci\u00f3n y Atenci\u00f3n a Emergencias de la CAEM.<\/li>\n<\/ul>\n<p>&nbsp;<\/p>\n<ul>\n<li>Las recomendaciones t\u00e9cnicas emitidas a los ayuntamientos y organismos operadores de agua.<\/li>\n<\/ul>\n<p>&nbsp;<\/p>\n<ul>\n<li>La ubicaci\u00f3n de los 28 campamentos del Grupo Tl\u00e1loc, distribuidos en 19 municipios estrat\u00e9gicos.<\/li>\n<\/ul>\n<p>&nbsp;<\/p>\n<p>&nbsp;<\/p>\n<p>&nbsp;<\/p>\n<p>Este documento re\u00fane informaci\u00f3n detallada a nivel regional, municipal y por sitio espec\u00edfico, basada en reportes de especialistas del Grupo Tl\u00e1loc, Protecci\u00f3n Civil del Estado de M\u00e9xico, autoridades municipales y denuncias ciudadanas recopiladas a trav\u00e9s de los tel\u00e9fonos 800 201 2489 (Valle de M\u00e9xico) y 800 201 2490 (Valle de Toluca).<\/p>\n<p>&nbsp;<\/p>\n<p>&nbsp;<\/p>\n<p>La CAEM exhorta a la ciudadan\u00eda a identificar zonas de riesgo, colaborar manteniendo limpias las vialidades y respetar la infraestructura hidr\u00e1ulica, como rejillas, pozos y alcantarillas, adem\u00e1s de seguir las indicaciones de las autoridades de Protecci\u00f3n Civil en caso de emergencia.<\/p>\n","protected":false},"excerpt":{"rendered":"<p>&nbsp; Permite prevenir afectaciones por lluvias \u00a0 &nbsp; \u00a0 \u00a0 \u00a0 Toluca, Estado de M\u00e9xico. &#8211; Con el prop\u00f3sito de mitigar riesgos y proteger a la poblaci\u00f3n durante la temporada de lluvias, el Gobierno del Estado de M\u00e9xico public\u00f3 el Atlas de Inundaciones Edici\u00f3n XXXI 2025, una herramienta fundamental para identificar zonas vulnerables. &nbsp; El [&hellip;]<\/p>\n","protected":false},"author":14,"featured_media":673161,"comment_status":"open","ping_status":"open","sticky":false,"template":"","format":"standard","meta":{"_monsterinsights_skip_tracking":false,"_monsterinsights_sitenote_active":false,"_monsterinsights_sitenote_note":"","_monsterinsights_sitenote_category":0,"footnotes":""},"categories":[5],"tags":[],"class_list":["post-673160","post","type-post","status-publish","format-standard","has-post-thumbnail","hentry","category-estado-de-mexico"],"_links":{"self":[{"href":"https:\/\/www.diarioimagen.net\/index.php?rest_route=\/wp\/v2\/posts\/673160","targetHints":{"allow":["GET"]}}],"collection":[{"href":"https:\/\/www.diarioimagen.net\/index.php?rest_route=\/wp\/v2\/posts"}],"about":[{"href":"https:\/\/www.diarioimagen.net\/index.php?rest_route=\/wp\/v2\/types\/post"}],"author":[{"embeddable":true,"href":"https:\/\/www.diarioimagen.net\/index.php?rest_route=\/wp\/v2\/users\/14"}],"replies":[{"embeddable":true,"href":"https:\/\/www.diarioimagen.net\/index.php?rest_route=%2Fwp%2Fv2%2Fcomments&post=673160"}],"version-history":[{"count":1,"href":"https:\/\/www.diarioimagen.net\/index.php?rest_route=\/wp\/v2\/posts\/673160\/revisions"}],"predecessor-version":[{"id":673162,"href":"https:\/\/www.diarioimagen.net\/index.php?rest_route=\/wp\/v2\/posts\/673160\/revisions\/673162"}],"wp:featuredmedia":[{"embeddable":true,"href":"https:\/\/www.diarioimagen.net\/index.php?rest_route=\/wp\/v2\/media\/673161"}],"wp:attachment":[{"href":"https:\/\/www.diarioimagen.net\/index.php?rest_route=%2Fwp%2Fv2%2Fmedia&parent=673160"}],"wp:term":[{"taxonomy":"category","embeddable":true,"href":"https:\/\/www.diarioimagen.net\/index.php?rest_route=%2Fwp%2Fv2%2Fcategories&post=673160"},{"taxonomy":"post_tag","embeddable":true,"href":"https:\/\/www.diarioimagen.net\/index.php?rest_route=%2Fwp%2Fv2%2Ftags&post=673160"}],"curies":[{"name":"wp","href":"https:\/\/api.w.org\/{rel}","templated":true}]}}