{"id":673286,"date":"2025-06-27T00:00:16","date_gmt":"2025-06-27T06:00:16","guid":{"rendered":"https:\/\/www.diarioimagen.net\/?p=673286"},"modified":"2025-06-26T20:42:27","modified_gmt":"2025-06-27T02:42:27","slug":"participo-el-suteym-en-congreso-de-la-confederacion-latinoamericana-y-del-caribe-de-trabajadores-estatales","status":"publish","type":"post","link":"https:\/\/www.diarioimagen.net\/?p=673286","title":{"rendered":"\u00a0  Particip\u00f3 el SUTEyM en Congreso de la Confederaci\u00f3n  Latinoamericana y del Caribe de Trabajadores Estatales"},"content":{"rendered":"<p>&nbsp;<\/p>\n<ul>\n<li><strong>Celebrado en Buenos Aires<\/strong><\/li>\n<\/ul>\n<div id=\"attachment_673287\" style=\"width: 402px\" class=\"wp-caption alignnone\"><img loading=\"lazy\" decoding=\"async\" aria-describedby=\"caption-attachment-673287\" class=\"wp-image-673287 size-large\" src=\"https:\/\/www.diarioimagen.net\/wp-content\/uploads\/2025\/06\/BAENA-1-ok-18-392x270.jpg\" alt=\"\" width=\"392\" height=\"270\" srcset=\"https:\/\/www.diarioimagen.net\/wp-content\/uploads\/2025\/06\/BAENA-1-ok-18-392x270.jpg 392w, https:\/\/www.diarioimagen.net\/wp-content\/uploads\/2025\/06\/BAENA-1-ok-18-240x165.jpg 240w, https:\/\/www.diarioimagen.net\/wp-content\/uploads\/2025\/06\/BAENA-1-ok-18-768x529.jpg 768w, https:\/\/www.diarioimagen.net\/wp-content\/uploads\/2025\/06\/BAENA-1-ok-18-1536x1059.jpg 1536w, https:\/\/www.diarioimagen.net\/wp-content\/uploads\/2025\/06\/BAENA-1-ok-18-2048x1412.jpg 2048w\" sizes=\"auto, (max-width: 392px) 100vw, 392px\" \/><p id=\"caption-attachment-673287\" class=\"wp-caption-text\">David Parra y Erick Palomares, en representaci\u00f3n de Tomas Palomares, dirigente del\u00a0 SUTEyM-Naucalpan, asistieron al XIV Congreso de la Confederaci\u00f3n Latinoamericana y del Caribe de Trabajadores Estatales (CLATE), celebrado en Buenos Aires.<\/p><\/div>\n<p>&nbsp;<\/p>\n<p>&nbsp;<\/p>\n<p>Arturo Baena<\/p>\n<p>&nbsp;<\/p>\n<p>Valle de M\u00e9xico.- La lucha de la clase trabajadora es y ser\u00e1 constante, no s\u00f3lo en nuestro pa\u00eds, sino en Am\u00e9rica Latina y el Caribe, por lo que en la defensa de los derechos y conquistas laborales de nuestros compa\u00f1eros suteymistas no daremos un paso atr\u00e1s, pues \u00e9stas se han ganado a pulso.<\/p>\n<p>&nbsp;<\/p>\n<p>Afirmaron lo anterior David Parra y Erick Palomares, que en representaci\u00f3n de Tomas Palomares, dirigente del\u00a0 SUTEyM- Naucalpan, asistieron al XIV Congreso de la Confederaci\u00f3n Latinoamericana y del Caribe de Trabajadores Estatales (CLATE), celebrado en Buenos Aires.<\/p>\n<p>&nbsp;<\/p>\n<p>Ah\u00ed, delegados y congresales,eligieron por unanimidad a su nuevo Comit\u00e9 Ejecutivo que tendr\u00e1 mandato por los pr\u00f3ximos cuatro a\u00f1os y que estar\u00e1 encabezado por Julio Fuentes, como presidente.<\/p>\n<p>&nbsp;<\/p>\n<p>En este evento se discutieron temas relevantes, en donde la delegaci\u00f3n suteymista, conformada por Erikc Palomares,\u00a0 David Parra, Camila Parra,\u00a0 Julio Fuentes, Ricardo Castro, Manuel Reyes y\u00a0 Sergio Padilla, \u00e9ste \u00faltimo de Confepider, estuvieron atentos a los acuerdos desarrollados en dicho congreso.<\/p>\n<p>&nbsp;<\/p>\n<p>Parra S\u00e1nchez inform\u00f3, entre otros temas, que se trataron fue la defensa de los derechos laborales de los trabajadores\u00a0 y para analizar la situaci\u00f3n actual y definir estrategias.<\/p>\n<p>&nbsp;<\/p>\n<p>El reelecto presidente de la CLATE, Julio Fuentes, indic\u00f3 que \u201cAm\u00e9rica Latina y el Caribe son un territorio en disputa,. porque nuestra Am\u00e9rica sigue siendo rebelde a los designios de las potencias extranjeras, de las multinacionales que quieren tomarnos como tierra de saqueo como lo hicieron durante varios siglos en nuestro continente\u201d, concluy\u00f3.<\/p>\n<p>&nbsp;<\/p>\n<p>&nbsp;<\/p>\n","protected":false},"excerpt":{"rendered":"<p>&nbsp; Celebrado en Buenos Aires &nbsp; &nbsp; Arturo Baena &nbsp; Valle de M\u00e9xico.- La lucha de la clase trabajadora es y ser\u00e1 constante, no s\u00f3lo en nuestro pa\u00eds, sino en Am\u00e9rica Latina y el Caribe, por lo que en la defensa de los derechos y conquistas laborales de nuestros compa\u00f1eros suteymistas no daremos un paso [&hellip;]<\/p>\n","protected":false},"author":14,"featured_media":673287,"comment_status":"open","ping_status":"open","sticky":false,"template":"","format":"standard","meta":{"_monsterinsights_skip_tracking":false,"_monsterinsights_sitenote_active":false,"_monsterinsights_sitenote_note":"","_monsterinsights_sitenote_category":0,"footnotes":""},"categories":[5],"tags":[],"class_list":["post-673286","post","type-post","status-publish","format-standard","has-post-thumbnail","hentry","category-estado-de-mexico"],"_links":{"self":[{"href":"https:\/\/www.diarioimagen.net\/index.php?rest_route=\/wp\/v2\/posts\/673286","targetHints":{"allow":["GET"]}}],"collection":[{"href":"https:\/\/www.diarioimagen.net\/index.php?rest_route=\/wp\/v2\/posts"}],"about":[{"href":"https:\/\/www.diarioimagen.net\/index.php?rest_route=\/wp\/v2\/types\/post"}],"author":[{"embeddable":true,"href":"https:\/\/www.diarioimagen.net\/index.php?rest_route=\/wp\/v2\/users\/14"}],"replies":[{"embeddable":true,"href":"https:\/\/www.diarioimagen.net\/index.php?rest_route=%2Fwp%2Fv2%2Fcomments&post=673286"}],"version-history":[{"count":1,"href":"https:\/\/www.diarioimagen.net\/index.php?rest_route=\/wp\/v2\/posts\/673286\/revisions"}],"predecessor-version":[{"id":673288,"href":"https:\/\/www.diarioimagen.net\/index.php?rest_route=\/wp\/v2\/posts\/673286\/revisions\/673288"}],"wp:featuredmedia":[{"embeddable":true,"href":"https:\/\/www.diarioimagen.net\/index.php?rest_route=\/wp\/v2\/media\/673287"}],"wp:attachment":[{"href":"https:\/\/www.diarioimagen.net\/index.php?rest_route=%2Fwp%2Fv2%2Fmedia&parent=673286"}],"wp:term":[{"taxonomy":"category","embeddable":true,"href":"https:\/\/www.diarioimagen.net\/index.php?rest_route=%2Fwp%2Fv2%2Fcategories&post=673286"},{"taxonomy":"post_tag","embeddable":true,"href":"https:\/\/www.diarioimagen.net\/index.php?rest_route=%2Fwp%2Fv2%2Ftags&post=673286"}],"curies":[{"name":"wp","href":"https:\/\/api.w.org\/{rel}","templated":true}]}}