{"id":673295,"date":"2025-06-27T00:00:05","date_gmt":"2025-06-27T06:00:05","guid":{"rendered":"https:\/\/www.diarioimagen.net\/?p=673295"},"modified":"2025-06-26T20:55:34","modified_gmt":"2025-06-27T02:55:34","slug":"se-suma-naucalpan-a-la-rehabilitacion-de-periferico-norte","status":"publish","type":"post","link":"https:\/\/www.diarioimagen.net\/?p=673295","title":{"rendered":"Se suma Naucalpan a la rehabilitaci\u00f3n de Perif\u00e9rico Norte"},"content":{"rendered":"<p><img loading=\"lazy\" decoding=\"async\" class=\"alignnone wp-image-673296 size-large\" src=\"https:\/\/www.diarioimagen.net\/wp-content\/uploads\/2025\/06\/BAENA-4-ok-19-392x270.jpg\" alt=\"\" width=\"392\" height=\"270\" srcset=\"https:\/\/www.diarioimagen.net\/wp-content\/uploads\/2025\/06\/BAENA-4-ok-19-392x270.jpg 392w, https:\/\/www.diarioimagen.net\/wp-content\/uploads\/2025\/06\/BAENA-4-ok-19-240x165.jpg 240w, https:\/\/www.diarioimagen.net\/wp-content\/uploads\/2025\/06\/BAENA-4-ok-19-768x529.jpg 768w, https:\/\/www.diarioimagen.net\/wp-content\/uploads\/2025\/06\/BAENA-4-ok-19.jpg 1500w\" sizes=\"auto, (max-width: 392px) 100vw, 392px\" \/><\/p>\n<p>&nbsp;<\/p>\n<p>&nbsp;<\/p>\n<p>Naucalpan, M\u00e9x. Al participar en la Estrategia Intergubernamental para el Rescate de Perif\u00e9rico Norte, el alcalde de Naucalpan, Isaac Montoya, reiter\u00f3 su compromiso de colaboraci\u00f3n con la Junta de Caminos del Gobierno del Estado de M\u00e9xico, para rescatar y rehabilitar de manera integral esta importante vialidad que cruza en un tramo el municipio y por la que diariamente circulan millones de autom\u00f3viles. En presencia del Director General de la Junta de Caminos del Estado de M\u00e9xico, Ariel Ju\u00e1rez Rodr\u00edguez y de los alcaldes de Tlalnepantla, Tepotzotl\u00e1n, Cuautitl\u00e1n Izcalli, as\u00ed como representantes de Atizap\u00e1n y Tultitl\u00e1n, el mun\u00edcipe se\u00f1al\u00f3 que, las ca\u00eddas de agua, en temporada de lluvias del segundo piso del Perif\u00e9rico, se han convertido en un severo problema que afecta a las y los conductores.<\/p>\n<p>&nbsp;<\/p>\n<p>&nbsp;<\/p>\n<p>&nbsp;<\/p>\n<p>Del mismo modo, el alumbrado p\u00fablico, es otro punto en el que se puede avanzar para dar mayor seguridad a las y los automovilistas.<\/p>\n<p>&nbsp;<\/p>\n<p>\u201cNosotros le entramos en la medida de que nos digan que podamos entrarle, para nosotros es una m\u00e1xima prioridad y celebramos mucho que haya la sensibilidad de la Junta de Caminos, por parte de la Gobernadora Delfina G\u00f3mez \u00c1lvarez y cuenten con nosotros\u201d, tenemos la disposici\u00f3n para atender esta importante vialidad, dijo.<\/p>\n<p>&nbsp;<\/p>\n<p>Montoya M\u00e1rquez expres\u00f3, en Naucalpan \u201chay un compromiso muy grande con este proyecto que se ha vuelto incluso prioridad en nuestros municipios\u201d, aunque esto del PPS (Proyecto de Prestaci\u00f3n de Servicios), no se le puede llamar de otra manera, es un abuso, llevan tantos a\u00f1os y la gente supone que es una falta de trabajo de los gobiernos locales.<\/p>\n","protected":false},"excerpt":{"rendered":"<p>&nbsp; &nbsp; Naucalpan, M\u00e9x. Al participar en la Estrategia Intergubernamental para el Rescate de Perif\u00e9rico Norte, el alcalde de Naucalpan, Isaac Montoya, reiter\u00f3 su compromiso de colaboraci\u00f3n con la Junta de Caminos del Gobierno del Estado de M\u00e9xico, para rescatar y rehabilitar de manera integral esta importante vialidad que cruza en un tramo el municipio [&hellip;]<\/p>\n","protected":false},"author":14,"featured_media":673296,"comment_status":"open","ping_status":"open","sticky":false,"template":"","format":"standard","meta":{"_monsterinsights_skip_tracking":false,"_monsterinsights_sitenote_active":false,"_monsterinsights_sitenote_note":"","_monsterinsights_sitenote_category":0,"footnotes":""},"categories":[5],"tags":[],"class_list":["post-673295","post","type-post","status-publish","format-standard","has-post-thumbnail","hentry","category-estado-de-mexico"],"_links":{"self":[{"href":"https:\/\/www.diarioimagen.net\/index.php?rest_route=\/wp\/v2\/posts\/673295","targetHints":{"allow":["GET"]}}],"collection":[{"href":"https:\/\/www.diarioimagen.net\/index.php?rest_route=\/wp\/v2\/posts"}],"about":[{"href":"https:\/\/www.diarioimagen.net\/index.php?rest_route=\/wp\/v2\/types\/post"}],"author":[{"embeddable":true,"href":"https:\/\/www.diarioimagen.net\/index.php?rest_route=\/wp\/v2\/users\/14"}],"replies":[{"embeddable":true,"href":"https:\/\/www.diarioimagen.net\/index.php?rest_route=%2Fwp%2Fv2%2Fcomments&post=673295"}],"version-history":[{"count":1,"href":"https:\/\/www.diarioimagen.net\/index.php?rest_route=\/wp\/v2\/posts\/673295\/revisions"}],"predecessor-version":[{"id":673297,"href":"https:\/\/www.diarioimagen.net\/index.php?rest_route=\/wp\/v2\/posts\/673295\/revisions\/673297"}],"wp:featuredmedia":[{"embeddable":true,"href":"https:\/\/www.diarioimagen.net\/index.php?rest_route=\/wp\/v2\/media\/673296"}],"wp:attachment":[{"href":"https:\/\/www.diarioimagen.net\/index.php?rest_route=%2Fwp%2Fv2%2Fmedia&parent=673295"}],"wp:term":[{"taxonomy":"category","embeddable":true,"href":"https:\/\/www.diarioimagen.net\/index.php?rest_route=%2Fwp%2Fv2%2Fcategories&post=673295"},{"taxonomy":"post_tag","embeddable":true,"href":"https:\/\/www.diarioimagen.net\/index.php?rest_route=%2Fwp%2Fv2%2Ftags&post=673295"}],"curies":[{"name":"wp","href":"https:\/\/api.w.org\/{rel}","templated":true}]}}