{"id":673315,"date":"2025-06-26T21:34:01","date_gmt":"2025-06-27T03:34:01","guid":{"rendered":"https:\/\/www.diarioimagen.net\/?p=673315"},"modified":"2025-06-26T21:34:01","modified_gmt":"2025-06-27T03:34:01","slug":"entrega-de-protesis-y-sillas-de-ruedas-a-personas-con-discapacidad","status":"publish","type":"post","link":"https:\/\/www.diarioimagen.net\/?p=673315","title":{"rendered":"Entrega de pr\u00f3tesis y sillas de ruedas a personas con discapacidad"},"content":{"rendered":"<ul>\n<li><strong>Fortalecimiento de la inclusi\u00f3n social<\/strong><\/li>\n<\/ul>\n<p>&nbsp;<\/p>\n<p><img loading=\"lazy\" decoding=\"async\" class=\"alignnone wp-image-673316 size-large\" src=\"https:\/\/www.diarioimagen.net\/wp-content\/uploads\/2025\/06\/EDOMEX-2-ok-15-405x270.jpg\" alt=\"\" width=\"405\" height=\"270\" srcset=\"https:\/\/www.diarioimagen.net\/wp-content\/uploads\/2025\/06\/EDOMEX-2-ok-15-405x270.jpg 405w, https:\/\/www.diarioimagen.net\/wp-content\/uploads\/2025\/06\/EDOMEX-2-ok-15-240x160.jpg 240w, https:\/\/www.diarioimagen.net\/wp-content\/uploads\/2025\/06\/EDOMEX-2-ok-15-768x511.jpg 768w, https:\/\/www.diarioimagen.net\/wp-content\/uploads\/2025\/06\/EDOMEX-2-ok-15.jpg 1500w\" sizes=\"auto, (max-width: 405px) 100vw, 405px\" \/><\/p>\n<p>&nbsp;<\/p>\n<p>Toluca, Estado de M\u00e9xico. \u2013 Con el objetivo de fortalecer la inclusi\u00f3n social y mejorar la calidad de vida de personas con discapacidad, el Gobierno del Estado de M\u00e9xico, encabezado por la Maestra Delfina G\u00f3mez \u00c1lvarez, destin\u00f3 m\u00e1s de 14 millones de pesos en la entrega de ayudas t\u00e9cnicas como \u00f3rtesis, pr\u00f3tesis y sillas de ruedas en beneficio de habitantes de 34 municipios mexiquenses.<\/p>\n<p>&nbsp;<\/p>\n<p>Durante un evento realizado en el Centro de Rehabilitaci\u00f3n y Educaci\u00f3n Especial (CREE), Karina Labastida Sotelo, Directora General del Sistema para el Desarrollo Integral de la Familia del Estado de M\u00e9xico (DIFEM), entreg\u00f3 \u00f3rtesis, pr\u00f3tesis y sillas de ruedas hechas a la medida para 88 personas con discapacidad.<\/p>\n<p>&nbsp;<\/p>\n<p>\u201cEste esfuerzo es posible gracias al firme compromiso de nuestra Gobernadora, la Maestra Delfina G\u00f3mez \u00c1lvarez, quien impulsa acciones humanas, cercanas y con sentido social, que reflejan una verdadera transformaci\u00f3n\u201d, expres\u00f3 Labastida Sotelo.<\/p>\n<p>&nbsp;<\/p>\n<p>Las ayudas t\u00e9cnicas entregadas buscan mejorar la movilidad, independencia y dignidad de las y los beneficiarios, al tiempo que facilitan su integraci\u00f3n en actividades escolares, laborales y comunitarias.<\/p>\n<p>&nbsp;<\/p>\n<p>A nombre de los beneficiarios, Carlos Aldair Reyes, joven originario de Tejupilco y estudiante de Ingenier\u00eda en Sistemas, agradeci\u00f3 el respaldo institucional que, dijo, les permite continuar luchando por sus sue\u00f1os y aspiraciones.<\/p>\n<p>&nbsp;<\/p>\n<p>\u201cEstas herramientas nos dan m\u00e1s que movilidad, nos dan esperanza. Son un impulso para salir adelante y tambi\u00e9n para ayudar a otros en el futuro\u201d, expres\u00f3.<\/p>\n<p>&nbsp;<\/p>\n<p>Al evento asistieron Jorge Juan Villa Mart\u00ednez, Director de Centros Estatales de Rehabilitaci\u00f3n, as\u00ed como por presidentas y directores de Sistemas Municipales DIF de Ecatepec, Toluca, Atlacomulco, Huehuetoca, Temoaya, San Felipe del Progreso, Chimalhuac\u00e1n, entre otros municipios.<\/p>\n<p>&nbsp;<\/p>\n<p>Con estas acciones, el Gobierno del Estado de M\u00e9xico reitera su compromiso con el bienestar de los sectores m\u00e1s vulnerables y con la construcci\u00f3n de una entidad m\u00e1s justa, equitativa e incluyente.<\/p>\n<p>&nbsp;<\/p>\n<p>&nbsp;<\/p>\n<p>&nbsp;<\/p>\n<p>&nbsp;<\/p>\n<p>&nbsp;<\/p>\n<p>&nbsp;<\/p>\n","protected":false},"excerpt":{"rendered":"<p>Fortalecimiento de la inclusi\u00f3n social &nbsp; &nbsp; Toluca, Estado de M\u00e9xico. \u2013 Con el objetivo de fortalecer la inclusi\u00f3n social y mejorar la calidad de vida de personas con discapacidad, el Gobierno del Estado de M\u00e9xico, encabezado por la Maestra Delfina G\u00f3mez \u00c1lvarez, destin\u00f3 m\u00e1s de 14 millones de pesos en la entrega de ayudas [&hellip;]<\/p>\n","protected":false},"author":14,"featured_media":673316,"comment_status":"open","ping_status":"open","sticky":false,"template":"","format":"standard","meta":{"_monsterinsights_skip_tracking":false,"_monsterinsights_sitenote_active":false,"_monsterinsights_sitenote_note":"","_monsterinsights_sitenote_category":0,"footnotes":""},"categories":[5],"tags":[],"class_list":["post-673315","post","type-post","status-publish","format-standard","has-post-thumbnail","hentry","category-estado-de-mexico"],"_links":{"self":[{"href":"https:\/\/www.diarioimagen.net\/index.php?rest_route=\/wp\/v2\/posts\/673315","targetHints":{"allow":["GET"]}}],"collection":[{"href":"https:\/\/www.diarioimagen.net\/index.php?rest_route=\/wp\/v2\/posts"}],"about":[{"href":"https:\/\/www.diarioimagen.net\/index.php?rest_route=\/wp\/v2\/types\/post"}],"author":[{"embeddable":true,"href":"https:\/\/www.diarioimagen.net\/index.php?rest_route=\/wp\/v2\/users\/14"}],"replies":[{"embeddable":true,"href":"https:\/\/www.diarioimagen.net\/index.php?rest_route=%2Fwp%2Fv2%2Fcomments&post=673315"}],"version-history":[{"count":1,"href":"https:\/\/www.diarioimagen.net\/index.php?rest_route=\/wp\/v2\/posts\/673315\/revisions"}],"predecessor-version":[{"id":673317,"href":"https:\/\/www.diarioimagen.net\/index.php?rest_route=\/wp\/v2\/posts\/673315\/revisions\/673317"}],"wp:featuredmedia":[{"embeddable":true,"href":"https:\/\/www.diarioimagen.net\/index.php?rest_route=\/wp\/v2\/media\/673316"}],"wp:attachment":[{"href":"https:\/\/www.diarioimagen.net\/index.php?rest_route=%2Fwp%2Fv2%2Fmedia&parent=673315"}],"wp:term":[{"taxonomy":"category","embeddable":true,"href":"https:\/\/www.diarioimagen.net\/index.php?rest_route=%2Fwp%2Fv2%2Fcategories&post=673315"},{"taxonomy":"post_tag","embeddable":true,"href":"https:\/\/www.diarioimagen.net\/index.php?rest_route=%2Fwp%2Fv2%2Ftags&post=673315"}],"curies":[{"name":"wp","href":"https:\/\/api.w.org\/{rel}","templated":true}]}}