{"id":673342,"date":"2025-06-26T22:16:12","date_gmt":"2025-06-27T04:16:12","guid":{"rendered":"https:\/\/www.diarioimagen.net\/?p=673342"},"modified":"2025-06-26T22:16:12","modified_gmt":"2025-06-27T04:16:12","slug":"entrega-mario-delgado-tarjetas-de-la-escuela-es-nuestra-a-indigenas","status":"publish","type":"post","link":"https:\/\/www.diarioimagen.net\/?p=673342","title":{"rendered":"Entrega Mario Delgado tarjetas de  \u201cLa Escuela es Nuestra\u201d a ind\u00edgenas"},"content":{"rendered":"<p><strong>Apoyo a planteles de educaci\u00f3n b\u00e1sica y media superior<\/strong><\/p>\n<ul>\n<li><strong>La inversi\u00f3n nacional de este programa supera los 25 mil millones de pesos <\/strong><\/li>\n<\/ul>\n<p>&nbsp;<\/p>\n<p><img loading=\"lazy\" decoding=\"async\" class=\"alignnone wp-image-673343 size-large\" src=\"https:\/\/www.diarioimagen.net\/wp-content\/uploads\/2025\/06\/SEP-ok-6-405x270.jpg\" alt=\"\" width=\"405\" height=\"270\" srcset=\"https:\/\/www.diarioimagen.net\/wp-content\/uploads\/2025\/06\/SEP-ok-6-405x270.jpg 405w, https:\/\/www.diarioimagen.net\/wp-content\/uploads\/2025\/06\/SEP-ok-6-240x160.jpg 240w, https:\/\/www.diarioimagen.net\/wp-content\/uploads\/2025\/06\/SEP-ok-6-768x512.jpg 768w, https:\/\/www.diarioimagen.net\/wp-content\/uploads\/2025\/06\/SEP-ok-6.jpg 1500w\" sizes=\"auto, (max-width: 405px) 100vw, 405px\" \/><\/p>\n<p>San Felipe del Progreso, M\u00e9x.- En presencia de m\u00e1s de mil 700 ind\u00edgenas mazahuas, reunidos en el Sal\u00f3n de Convenciones Plaza Estado de M\u00e9xico, el secretario de Educaci\u00f3n P\u00fablica, Mario Delgado Carrillo, encabez\u00f3 la asamblea para la entrega de tarjetas del Banco del Bienestar del programa La Escuela es Nuestra (LEEN) a madres, padres y familiares de estudiantes de 315 planteles de Educaci\u00f3n B\u00e1sica y Media Superior, ubicados en las comunidades de Villa Victoria, San Felipe del Progreso y Donato Guerra en el Estado de M\u00e9xico.<\/p>\n<p>&nbsp;<\/p>\n<p>En un ambiente de m\u00fasica y bailes tradicionales, Delgado Carrillo inform\u00f3 que, en 2025, el programa LEEN invertir\u00e1 2 mil millones de pesos (mdp) para atender a m\u00e1s de 4 mil escuelas en la entidad mexiquense, beneficiando a cerca de un mill\u00f3n de estudiantes de Educaci\u00f3n B\u00e1sica y Media Superior.<\/p>\n<p>&nbsp;<\/p>\n<p>A nivel nacional, resalt\u00f3 que la inversi\u00f3n supera los 25 mil mdp y alcanza a m\u00e1s de 76 mil planteles educativos, lo que refleja el compromiso del Gobierno de M\u00e9xico con la educaci\u00f3n p\u00fablica.<\/p>\n<p>&nbsp;<\/p>\n<p>En este sentido, destac\u00f3 que la Presidenta de M\u00e9xico decidi\u00f3 dar continuidad y ampliar los programas prioritarios en materia educativa, como parte de su compromiso con la transformaci\u00f3n del pa\u00eds y el bienestar de ni\u00f1as, ni\u00f1os, adolescentes y j\u00f3venes.<\/p>\n<p>&nbsp;<\/p>\n<p>El titular de la SEP subray\u00f3 que La Escuela Es Nuestra es uno de los programas m\u00e1s emblem\u00e1ticos de la actual administraci\u00f3n, el cual no solo se mantiene, sino que ahora se ampl\u00eda para beneficiar tambi\u00e9n a todos los planteles p\u00fablicos de Educaci\u00f3n Media Superior del pa\u00eds. Esta medida, afirm\u00f3, representa un paso firme para garantizar condiciones dignas de estudio, fortalecer la infraestructura educativa y fomentar la permanencia escolar.<\/p>\n<p>&nbsp;<\/p>\n<p>Reiter\u00f3 que en la Cuarta Transformaci\u00f3n el pueblo manda. \u201cPor eso este programa se basa en la confianza al pueblo, porque ustedes, madres y padres de familia, maestras y maestros, van a decidir qu\u00e9 se hace con estos apoyos; ustedes van a administrar los recursos, van a tomar la decisi\u00f3n de qu\u00e9 se va a hacer, lo van a supervisar y le van a entregar a sus hijos las obras que se logren\u201d.<\/p>\n<p>&nbsp;<\/p>\n<p>Por otro lado, el secretario de Educaci\u00f3n P\u00fablica invit\u00f3 a las madres, padres y familias a sumarse a la estrategia Vive saludable, vive feliz. Los exhort\u00f3 a eliminar la comida chatarra y refrescos de las escuelas, y a estar atentos a las visitas de las brigadas de salud, que realizar\u00e1n revisiones de peso, talla, agudeza visual y salud bucal. Pidi\u00f3 atender las recomendaciones que deriven de estas revisiones, por el bienestar de sus hijas e hijos.<\/p>\n<p>&nbsp;<\/p>\n<p>La directora general del programa LEEN, Pamela L\u00f3pez Ruiz, inform\u00f3 que, una vez recibida la tarjeta del Bienestar, los Comit\u00e9s Escolares de Administraci\u00f3n Participativa (CEAP) podr\u00e1n disponer de los recursos a partir del mes de julio. Precis\u00f3 que tendr\u00e1n un a\u00f1o para ejercer el presupuesto en las obras que hayan decidido llevar a cabo.<\/p>\n<p>&nbsp;<\/p>\n<p>Record\u00f3 que las escuelas de Educaci\u00f3n B\u00e1sica con entre 2 y 50 alumnos recibir\u00e1n hasta 200 mil pesos; de 51 a 150 alumnos, 250 mil pesos, y aquellas con m\u00e1s de 150 alumnos, 600 mil pesos. En Educaci\u00f3n Media Superior, los planteles con entre 3 y 300 estudiantes recibir\u00e1n 600 mil pesos; de 301 a mil estudiantes, un mill\u00f3n de pesos; y con m\u00e1s de mil estudiantes, un mill\u00f3n 500 mil pesos.<\/p>\n<p>&nbsp;<\/p>\n<p>En representaci\u00f3n de la gobernadora Delfina G\u00f3mez \u00c1lvarez, el secretario de Educaci\u00f3n, Ciencia, Tecnolog\u00eda e Innovaci\u00f3n del Estado de M\u00e9xico (SECTI), Miguel \u00c1ngel Hern\u00e1ndez Espejel, celebr\u00f3 el modelo del programa LEEN, al considerarlo una pol\u00edtica p\u00fablica transformadora que no solo mejora la infraestructura educativa, sino que tambi\u00e9n fomenta la participaci\u00f3n comunitaria, la transparencia y la equidad en el ejercicio del gasto p\u00fablico.<\/p>\n<p>&nbsp;<\/p>\n<p>\u201cHoy reafirmamos nuestro compromiso con el fortalecimiento del sistema educativo. Queremos escuelas funcionales, seguras y humanas. Porque no puede haber transformaci\u00f3n sin dignidad escolar, y no puede haber justicia si las condiciones de una escuela no son las \u00f3ptimas\u201d, enfatiz\u00f3 el titular de la SECTI.<\/p>\n<p>&nbsp;<\/p>\n<p>El titular de la Delegaci\u00f3n de Programas para el Desarrollo en el Estado de M\u00e9xico, Ernesto Armend\u00e1riz Ram\u00edrez, se\u00f1al\u00f3 que por primera vez este a\u00f1o el programa LEEN beneficiar\u00e1 a 632 planteles de Educaci\u00f3n Media Superior en la entidad, con una inversi\u00f3n de 469 millones de pesos.<\/p>\n<p>&nbsp;<\/p>\n<p>El consejero nacional de los Pueblos Ind\u00edgenas, J. Guadalupe T\u00e9llez de Jes\u00fas, dio la bienvenida a los asistentes con una ceremonia tradicional, en la que agradeci\u00f3 a la tierra por sus cosechas, al cielo por la lluvia, al fuego por brindar calor, y al viento, por traer cosas buenas a la regi\u00f3n, como el apoyo que se entrega este d\u00eda.<\/p>\n<p>&nbsp;<\/p>\n<p>&nbsp;<\/p>\n<p>PATA<\/p>\n<p>&nbsp;<\/p>\n<p>Mario Delgado Carrillo, titular de la SEP, encabez\u00f3 la asamblea para la entrega de tarjetas del Banco del Bienestar del programa La Escuela es Nuestra a madres, padres y familiares de estudiantes de 315 planteles de Educaci\u00f3n B\u00e1sica y Media Superior.<\/p>\n","protected":false},"excerpt":{"rendered":"<p>Apoyo a planteles de educaci\u00f3n b\u00e1sica y media superior La inversi\u00f3n nacional de este programa supera los 25 mil millones de pesos &nbsp; San Felipe del Progreso, M\u00e9x.- En presencia de m\u00e1s de mil 700 ind\u00edgenas mazahuas, reunidos en el Sal\u00f3n de Convenciones Plaza Estado de M\u00e9xico, el secretario de Educaci\u00f3n P\u00fablica, Mario Delgado Carrillo, [&hellip;]<\/p>\n","protected":false},"author":14,"featured_media":673343,"comment_status":"open","ping_status":"open","sticky":false,"template":"","format":"standard","meta":{"_monsterinsights_skip_tracking":false,"_monsterinsights_sitenote_active":false,"_monsterinsights_sitenote_note":"","_monsterinsights_sitenote_category":0,"footnotes":""},"categories":[3],"tags":[],"class_list":["post-673342","post","type-post","status-publish","format-standard","has-post-thumbnail","hentry","category-nacional"],"_links":{"self":[{"href":"https:\/\/www.diarioimagen.net\/index.php?rest_route=\/wp\/v2\/posts\/673342","targetHints":{"allow":["GET"]}}],"collection":[{"href":"https:\/\/www.diarioimagen.net\/index.php?rest_route=\/wp\/v2\/posts"}],"about":[{"href":"https:\/\/www.diarioimagen.net\/index.php?rest_route=\/wp\/v2\/types\/post"}],"author":[{"embeddable":true,"href":"https:\/\/www.diarioimagen.net\/index.php?rest_route=\/wp\/v2\/users\/14"}],"replies":[{"embeddable":true,"href":"https:\/\/www.diarioimagen.net\/index.php?rest_route=%2Fwp%2Fv2%2Fcomments&post=673342"}],"version-history":[{"count":1,"href":"https:\/\/www.diarioimagen.net\/index.php?rest_route=\/wp\/v2\/posts\/673342\/revisions"}],"predecessor-version":[{"id":673347,"href":"https:\/\/www.diarioimagen.net\/index.php?rest_route=\/wp\/v2\/posts\/673342\/revisions\/673347"}],"wp:featuredmedia":[{"embeddable":true,"href":"https:\/\/www.diarioimagen.net\/index.php?rest_route=\/wp\/v2\/media\/673343"}],"wp:attachment":[{"href":"https:\/\/www.diarioimagen.net\/index.php?rest_route=%2Fwp%2Fv2%2Fmedia&parent=673342"}],"wp:term":[{"taxonomy":"category","embeddable":true,"href":"https:\/\/www.diarioimagen.net\/index.php?rest_route=%2Fwp%2Fv2%2Fcategories&post=673342"},{"taxonomy":"post_tag","embeddable":true,"href":"https:\/\/www.diarioimagen.net\/index.php?rest_route=%2Fwp%2Fv2%2Ftags&post=673342"}],"curies":[{"name":"wp","href":"https:\/\/api.w.org\/{rel}","templated":true}]}}