{"id":673356,"date":"2025-06-26T22:50:26","date_gmt":"2025-06-27T04:50:26","guid":{"rendered":"https:\/\/www.diarioimagen.net\/?p=673356"},"modified":"2025-06-26T22:50:26","modified_gmt":"2025-06-27T04:50:26","slug":"estudiantado-de-la-uaemex-participa-en-la-solucion-de-problematicas-sociales","status":"publish","type":"post","link":"https:\/\/www.diarioimagen.net\/?p=673356","title":{"rendered":"Estudiantado de la UAEM\u00e9x participa  en la soluci\u00f3n de problem\u00e1ticas sociales"},"content":{"rendered":"<ul>\n<li><strong>De nivel medio superior<\/strong><\/li>\n<li><strong>Realizaron Proyectos Escolares Comunitarios y Proyectos Integradores, en los cuales, participaron en la atenci\u00f3n de las necesidades de su entorno<\/strong><\/li>\n<\/ul>\n<p>&nbsp;<\/p>\n<div id=\"attachment_673357\" style=\"width: 452px\" class=\"wp-caption alignnone\"><img loading=\"lazy\" decoding=\"async\" aria-describedby=\"caption-attachment-673357\" class=\"wp-image-673357 size-large\" src=\"https:\/\/www.diarioimagen.net\/wp-content\/uploads\/2025\/06\/UAEM-1-12-442x270.jpg\" alt=\"\" width=\"442\" height=\"270\" srcset=\"https:\/\/www.diarioimagen.net\/wp-content\/uploads\/2025\/06\/UAEM-1-12-442x270.jpg 442w, https:\/\/www.diarioimagen.net\/wp-content\/uploads\/2025\/06\/UAEM-1-12-240x147.jpg 240w, https:\/\/www.diarioimagen.net\/wp-content\/uploads\/2025\/06\/UAEM-1-12-768x470.jpg 768w, https:\/\/www.diarioimagen.net\/wp-content\/uploads\/2025\/06\/UAEM-1-12.jpg 1333w\" sizes=\"auto, (max-width: 442px) 100vw, 442px\" \/><p id=\"caption-attachment-673357\" class=\"wp-caption-text\">alumnos de los planteles \u201cNezahualc\u00f3yotl\u201d, \u201cIgnacio Ram\u00edrez Calzada\u201d, \u201cSor Juana In\u00e9s de la Cruz\u201d, \u201cIsidro Fabela Alfaro\u201d y \u201cMtro. Jos\u00e9 Ignacio Pichardo Pagaza\u201d de la Escuela Preparatoria, realizaron Proyectos Escolares Comunitarios y Proyectos Integradores.<\/p><\/div>\n<p>Toluca, M\u00e9x.- Como atenci\u00f3n a las problem\u00e1ticas que afectan a sus comunidades, estudiantes de nivel medio superior de la Universidad Aut\u00f3noma del Estado de M\u00e9xico (UAEM\u00e9x) realizaron Proyectos Escolares Comunitarios y Proyectos Integradores.<\/p>\n<p>En el cierre de las actividades acad\u00e9micas del semestre 2025A, las y los alumnos de los planteles \u201cNezahualc\u00f3yotl\u201d, \u201cIgnacio Ram\u00edrez Calzada\u201d, \u201cSor Juana In\u00e9s de la Cruz\u201d, \u201cIsidro Fabela Alfaro\u201d y \u201cMtro. Jos\u00e9 Ignacio Pichardo Pagaza\u201d de la Escuela Preparatoria, desarrollaron diferentes actividades para reconocer y participar activamente en la atenci\u00f3n de las necesidades de los espacios donde viven.<\/p>\n<p>En este sentido, se abordaron tem\u00e1ticas en beneficio del medio ambiente, como la disposici\u00f3n adecuada de residuos s\u00f3lidos PET y el cuidado del agua, as\u00ed como la prevenci\u00f3n del bullying y el ciberbullying.<\/p>\n<p>Dichas tem\u00e1ticas fueron desarrolladas por medio de diferentes actividades, como rallys, noticieros, recolecci\u00f3n de residuos s\u00f3lidos en el espacio universitario y en el hogar, huertos escolares y otras estrategias realizadas en atenci\u00f3n al Programa Aula, Escuela y Comunidad (PAEC), impulsado por la Subsecretar\u00eda de Educaci\u00f3n Media Superior (SEMS).<\/p>\n<p>Los Proyectos Escolares Comunitarios y Proyectos Integradores fueron asesorados y realizados en colaboraci\u00f3n con docentes e integrantes del Comit\u00e9 de Responsabilidad Social, con lo cual la M\u00e1xima Casa de Estudios mexiquense refrenda su compromiso con la generaci\u00f3n de conocimiento aplicado en beneficio de la sociedad.<\/p>\n<p>&nbsp;<\/p>\n<p><strong>\u00a0<\/strong><\/p>\n","protected":false},"excerpt":{"rendered":"<p>De nivel medio superior Realizaron Proyectos Escolares Comunitarios y Proyectos Integradores, en los cuales, participaron en la atenci\u00f3n de las necesidades de su entorno &nbsp; Toluca, M\u00e9x.- Como atenci\u00f3n a las problem\u00e1ticas que afectan a sus comunidades, estudiantes de nivel medio superior de la Universidad Aut\u00f3noma del Estado de M\u00e9xico (UAEM\u00e9x) realizaron Proyectos Escolares Comunitarios [&hellip;]<\/p>\n","protected":false},"author":14,"featured_media":673357,"comment_status":"open","ping_status":"open","sticky":false,"template":"","format":"standard","meta":{"_monsterinsights_skip_tracking":false,"_monsterinsights_sitenote_active":false,"_monsterinsights_sitenote_note":"","_monsterinsights_sitenote_category":0,"footnotes":""},"categories":[16,5],"tags":[],"class_list":["post-673356","post","type-post","status-publish","format-standard","has-post-thumbnail","hentry","category-destacadas","category-estado-de-mexico"],"_links":{"self":[{"href":"https:\/\/www.diarioimagen.net\/index.php?rest_route=\/wp\/v2\/posts\/673356","targetHints":{"allow":["GET"]}}],"collection":[{"href":"https:\/\/www.diarioimagen.net\/index.php?rest_route=\/wp\/v2\/posts"}],"about":[{"href":"https:\/\/www.diarioimagen.net\/index.php?rest_route=\/wp\/v2\/types\/post"}],"author":[{"embeddable":true,"href":"https:\/\/www.diarioimagen.net\/index.php?rest_route=\/wp\/v2\/users\/14"}],"replies":[{"embeddable":true,"href":"https:\/\/www.diarioimagen.net\/index.php?rest_route=%2Fwp%2Fv2%2Fcomments&post=673356"}],"version-history":[{"count":1,"href":"https:\/\/www.diarioimagen.net\/index.php?rest_route=\/wp\/v2\/posts\/673356\/revisions"}],"predecessor-version":[{"id":673358,"href":"https:\/\/www.diarioimagen.net\/index.php?rest_route=\/wp\/v2\/posts\/673356\/revisions\/673358"}],"wp:featuredmedia":[{"embeddable":true,"href":"https:\/\/www.diarioimagen.net\/index.php?rest_route=\/wp\/v2\/media\/673357"}],"wp:attachment":[{"href":"https:\/\/www.diarioimagen.net\/index.php?rest_route=%2Fwp%2Fv2%2Fmedia&parent=673356"}],"wp:term":[{"taxonomy":"category","embeddable":true,"href":"https:\/\/www.diarioimagen.net\/index.php?rest_route=%2Fwp%2Fv2%2Fcategories&post=673356"},{"taxonomy":"post_tag","embeddable":true,"href":"https:\/\/www.diarioimagen.net\/index.php?rest_route=%2Fwp%2Fv2%2Ftags&post=673356"}],"curies":[{"name":"wp","href":"https:\/\/api.w.org\/{rel}","templated":true}]}}