{"id":673635,"date":"2025-06-30T21:55:29","date_gmt":"2025-07-01T03:55:29","guid":{"rendered":"https:\/\/www.diarioimagen.net\/?p=673635"},"modified":"2025-06-30T21:55:29","modified_gmt":"2025-07-01T03:55:29","slug":"con-mexico-en-la-piel","status":"publish","type":"post","link":"https:\/\/www.diarioimagen.net\/?p=673635","title":{"rendered":"Con M\u00e9xico en la piel"},"content":{"rendered":"<p><strong>HORA 14 <\/strong><strong>\u00a0Mauricio Conde Olivares<\/strong><\/p>\n<p>&nbsp;<\/p>\n<p>&nbsp;<\/p>\n<p>Con una inversi\u00f3n de 700 millones de d\u00f3lares el Hotel Xcaret ampli\u00f3 hoy su capacidad con 900 habitaciones nuevas, por lo que duplic\u00f3 el n\u00famero de cuartos para llegar a los mil 800. Con ello, Grupo Xcaret sum\u00f3 mil 70 millones de d\u00f3lares invertidos desde su apertura en 2017 y en corte de list\u00f3n inaugural la Secretaria de Turismo, Josefina Rodr\u00edguez Zamora, declar\u00f3 que \u201ccon el Plan M\u00e9xico llegaremos a ser la quinta potencia como pa\u00eds m\u00e1s visitado del mundo. Hoy somos el sexto lugar porque nos separan 13 millones de visitantes con Turqu\u00eda\u201d.<\/p>\n<p>As\u00ed qued\u00f3 de manifiesto ante la Secretaria de Turismo del Gobierno de M\u00e9xico; la gobernadora Mara Lezama y la Coordinadora General del Consejo Asesor de Desarrollo Econ\u00f3mico Regional, Altagracia G\u00f3mez Sierra, durante el acto inaugural y corte de list\u00f3n con los due\u00f1os de Grupo Xcaret y sus familias: Miguel Quintana Pali y Carlos Constandse Madrazo.<\/p>\n<p>La titular de Turismo dio a conocer la receta para que M\u00e9xico sea quinto lugar mundial: \u00bfQu\u00e9 tenemos que hacer? Justamente, crear motivos para que m\u00e1s extranjeros vengan a nuestro pa\u00eds y Grupo Xcaret es un motivo que se divide en seis parques tem\u00e1ticos m\u00e1s tres hoteles, m\u00e1s cada motivo que genera llegar a una habitaci\u00f3n que en cada rinc\u00f3n existe la mexicanidad, con la atenci\u00f3n personalizada de cada colaborador, eso es M\u00e9xico.<\/p>\n<p>M\u00e9xico -dijo- \u00a0es una potencia tur\u00edstica por su cultura, por su gente, son \u00fanicos en el mundo y eso lo transmite Grupo Xcaret y transmite un legado de la mexicanidad. Hoy en mundo turbulento, el sector tur\u00edstico es m\u00e1gico porque todos los d\u00edas hay buenas noticias y lleva prosperidad al hogar de los mexicanos.<\/p>\n<p>Agreg\u00f3 que \u201cllegamos este cuatrimestre a m\u00e1s de 15 millones de turistas, con lo que superamos una estad\u00edstica de hace 25 a\u00f1os, antes de pandemia, con una derrama de m\u00e1s de 13 mil millones de d\u00f3lares, lo que nos habla que hoy el turismo es un sector que siempre va en forma ascendente\u201d.<\/p>\n<p>Tenemos, sostuvo, \u00a0m\u00e1s de 30 mil millones de d\u00f3lares de inversi\u00f3n tur\u00edstica que inicia en este 2025 y termina en el 2030 y ejemplo de ello es esta inversi\u00f3n del Grupo Xcaret. Hoy en promoci\u00f3n los 32 estados difunden nuestra marca destino, la marca M\u00e9xico en sus eventos nacionales e internacionales.<\/p>\n<p>Argument\u00f3 que \u201cviene el a\u00f1o tur\u00edstico hist\u00f3rico de M\u00e9xico, iniciamos con FITUR como pa\u00eds invitado en enero del 2026, luego el Tianguis Tur\u00edstico en Acapulco, luego la Copa Mundial FIFA 2026 y una feria internacional, entre otras. La pr\u00f3xima semana inician ocho gu\u00edas de experiencias tur\u00edsticas comunitarias en ocho estados certificados por la UNESCO, como es el Mundo Maya con 65 experiencias por comercializar el turismo cultural\u201d.<\/p>\n<p>Por ello, resalt\u00f3 que estamos hablando de \u201cinversiones que hablan de sostenibilidad, derrama econ\u00f3mica y generaci\u00f3n de empleos que aqu\u00ed en Xcaret tiene un legado de humanismo con la marca de M\u00e9xico en la frente\u201d.<\/p>\n<p>Por su parte, Altagracia G\u00f3mez reconoci\u00f3 a las familias Quintana y Constandse no solamente por su pasi\u00f3n y perseverancia, sino sobre todo por su patriotismo, por poner el nombre de M\u00e9xico muy en alto. Destac\u00f3 la conectividad de la que goza Quintana Roo y tambi\u00e9n su biodiversidad y legado hist\u00f3rico.<\/p>\n<p>Uno de los due\u00f1os de Grupo Xcaret, Miguel Quintana Pali, resalt\u00f3 la participaci\u00f3n de 19 mil colaboradores amantes de nuestro M\u00e9xico, quienes brindan la mejor atenci\u00f3n al turista, porque cada habitaci\u00f3n es una embajada de M\u00e9xico, un cachito de nuestro pa\u00eds con una muestra de nuestras artesan\u00edas, gastronom\u00eda y cultura.<\/p>\n<p>\u201cHace 40 a\u00f1os comenzamos este sue\u00f1o con la idea de mostrar lo mejor de M\u00e9xico al mundo. Hoy me siento profundamente agradecido con todas las personas que han sido parte de este camino. Son ellas quienes hacen realidad cada proyecto, las que le dan verdadero sentido a lo que hacemos. Ver c\u00f3mo nuestra visi\u00f3n sigue creciendo, evolucionando y tocando vidas, es el mayor orgullo. Seguiremos trabajando para que cada rinc\u00f3n de Grupo Xcaret siga siendo un homenaje a la belleza, la cultura y la grandeza de nuestro pa\u00eds\u201d, cit\u00f3 el Director General de Grupo Xcaret.<\/p>\n<p>\u201cLa evoluci\u00f3n de Hotel Xcaret M\u00e9xico representa mucho m\u00e1s que una inversi\u00f3n: es la continuidad de un proyecto empresarial con visi\u00f3n de largo plazo, basado en el compromiso de generar prosperidad compartida, cuidar el entorno y enaltecer a M\u00e9xico. Somos una empresa 100% mexicana que reinvierte, que conf\u00eda en su pa\u00eds y que sigue creciendo con determinaci\u00f3n, responsabilidad y objetivos claros\u201d, se\u00f1al\u00f3 Marcos Constandse Redko, Vicepresidente de Administraci\u00f3n y Finanzas.<\/p>\n<p>\u201cEste es un proyecto de muchos a\u00f1os, con la paciencia y dedicaci\u00f3n que requieren las cosas hechas a mano. Hoy culmina en su totalidad gracias al talento, la pasi\u00f3n y la creatividad de nuestra gente. La evoluci\u00f3n de Hotel Xcaret M\u00e9xico complementa su propuesta original con un concepto pensado para todas las familias que nos visitan, y que ahora empieza a cobrar vida con la energ\u00eda de nuestros hu\u00e9spedes. Es un logro colectivo que habla por s\u00ed solo\u201d, a\u00f1adi\u00f3 David Quintana Morones, Vicepresidente de Estrategia y Desarrollo\u00a0de\u00a0Grupo\u00a0Xcaret<\/p>\n<p>Con su arquitectura eco-integradora, el desarrollo respeta el ecosistema original, utilizando materiales locales y t\u00e9cnicas de construcci\u00f3n que permiten la convivencia arm\u00f3nica con la naturaleza. Este modelo ha sido reconocido por organismos internacionales como el Consejo Global de Turismo Sostenible (GSTC), y refleja un enfoque empresarial donde la rentabilidad convive con el cuidado ambiental y cultural y que expresa su prop\u00f3sito: \u201cHacer m\u00e1s feliz al planeta, contagiando nuestro gran amor por M\u00e9xico\u201d, finaliz\u00f3.<\/p>\n<p>Adem\u00e1s de las 900 nuevas habitaciones que se suman a las 900 que ten\u00eda en servicio, Hotel Xcaret tendr\u00e1 10 casas tem\u00e1ticas, 18 albercas, 5 toboganes y m\u00e1s de 20 experiencias gastron\u00f3micas, todo esto sumado al ya famoso All-Fun Inclusive.<\/p>\n<p>Ahora, d\u00e9jeme contarle que la Presidenta Municipal, Ana Paty Peralta, anunci\u00f3 que por primera vez en la historia de la ciudad, la Compa\u00f1\u00eda Municipal de Coro de Canc\u00fan particip\u00f3 en el prestigioso \u201cVI European Choir Games\u201d, celebrado en Aarhus, Dinamarca y se coron\u00f3 como ganador en la categor\u00eda \u201cFolclor\u201d.<\/p>\n<p>Subray\u00f3 que los artistas cancunenses contendieron con coros de 11 pa\u00edses y cautivaron al jurado con su gran interpretaci\u00f3n, por lo que el haber obtenido ese primer puesto, les permitir\u00e1 ahora participar en el Grand Prix de las Naciones y en la segunda ronda del certamen, en la categor\u00eda \u201cCoros de C\u00e1mara\u201d.<\/p>\n<p>La Primera Autoridad Municipal agradeci\u00f3 a los 13 integrantes de la agrupaci\u00f3n musical, as\u00ed como a su director art\u00edstico No\u00e9 Garrido y al director musical, Miguel \u00c1ngel Mej\u00eda, por poner el nombre de Canc\u00fan tan algo y ser un orgullo cancunense para toda la poblaci\u00f3n, por lo que los invit\u00f3 a seguirlo entregando todo en el escenario en las siguientes etapas de esa expresi\u00f3n art\u00edstica.<\/p>\n<p>De esta forma, agradeci\u00f3 la pasi\u00f3n de los cantantes del coro: Joaqu\u00edn Ernesto Baeza Medina, Jos\u00e9 Alejandro Kantun Aranda, Christian Louis Pappas, Fernanda Mart\u00ednez Huerta, Adriana Carmona Ayala, Carmen Bastar M\u00e9ndez, Sue Ling Gonz\u00e1lez Akie, Goretti Alejandra Chan Hern\u00e1ndez, Reynaldo Jos\u00e9 M\u00e1rquez Gim\u00e9nez, Yahzelyh de la Paz Mart\u00ednez Morales, Arturo Rosas Carbajal e Ixchel Vasco Pino.<\/p>\n<p>Al respecto, el director del Instituto de Cultura y las Artes, Carlos L\u00f3pez Jim\u00e9nez, reiter\u00f3 que la Compa\u00f1\u00eda Municipal de Coro demostr\u00f3 su maestr\u00eda vocal y su profunda conexi\u00f3n con la riqueza cultural de M\u00e9xico, siendo que su implacable presentaci\u00f3n en la categor\u00eda \u201cFolclor\u201d tuvo lugar a las 15:55 horas en el \u00abMusikhuset &#8211; Symfonisk Sal (Sala Sinf\u00f3nica)\u00bb (Thomas Jensens All\u00e9 2, 8000 Aarhus C), contra equipos de otros pa\u00edses como China, Lituania, Dinamarca, Suecia, Islandia, Noruega y Estados Unidos.<\/p>\n<p>De igual forma, indic\u00f3 que el poder competir en el Gran Prix del VI European Choir Games ya es un honor, ya que pone el nombre de Canc\u00fan en lo m\u00e1s alto de la escena coral mundial, adem\u00e1s de que no solo son un reflejo del talento individual y colectivo de los integrantes del coro, sino tambi\u00e9n un testimonio del creciente nivel art\u00edstico local en el \u00e1mbito cultural, adem\u00e1s de que el reconocimiento internacional abre nuevas puertas y oportunidades para la agrupaci\u00f3n, al consolidarse su reputaci\u00f3n como una de las agrupaciones corales m\u00e1s sobresalientes en el mundo.<\/p>\n<p>Finalmente, le comento que en Canc\u00fan, la presidenta Municipal, Ana Paty Peralta, inform\u00f3 que en lo que va de la administraci\u00f3n, se han concluido m\u00e1s de 14 mil 295 licencias de funcionamiento, lo que no solo supera las cifras del a\u00f1o pasado, sino representa un logro en materia de digitalizaci\u00f3n de tr\u00e1mites.<\/p>\n<p>\u201cEl a\u00f1o pasado ten\u00edamos 11 mil 200 licencias, es decir que en tan solo un a\u00f1o, logramos captar muchos de estos negocios que todav\u00eda ni siquiera estaban en el padr\u00f3n de licencias de funcionamiento, \u00bfpor qu\u00e9?, porque seguramente se encontraban con algunos tr\u00e1mites engorrosos\u201d, afirm\u00f3.<\/p>\n<p>Al hacer un balance de los logros alcanzados en este rubro, resalt\u00f3 que los beneficios de la licencia de funcionamiento 100 por ciento digital son que representa un ahorro de tiempo y traslado, permite el pago electr\u00f3nico y la vinculaci\u00f3n de tr\u00e1mites, pagos y obligaciones, adem\u00e1s de que se cuenta con un expediente \u00fanico digital de cinco pasos, en tanto que las solicitudes se resuelven en 24 horas.<\/p>\n<p>La Presidenta Municipal resalt\u00f3 que esta acci\u00f3n pertenece al proyecto de \u201cCanc\u00fan Digital\u201d, una de las cuatro estrategias para consolidar un gobierno digital y cuentas claras, con base en los objetivos del Eje 1 \u201cGobierno Humanista y de Resultados\u201d del Plan Municipal de Desarrollo 2024-2027.<\/p>\n<p>Cabe recordar que en enero pasado, la Presidenta Municipal present\u00f3 ante empresarios y contribuyentes el refrendo anual de la licencia de funcionamiento como un tr\u00e1mite 100 por ciento digital, ya que se pueden realizar en l\u00ednea los requisitos complementarios como son: pago de predial, uso de suelo, dictamen aprobatorio de Protecci\u00f3n Civil y el pago de recolecci\u00f3n de residuos s\u00f3lidos, ante Ingresos, Tesorer\u00eda, Desarrollo Urbano, Protecci\u00f3n Civil y Siresol.<\/p>\n<p>\u201cHoy ya tienes una p\u00e1gina de internet con un expediente \u00fanico, con acceso a m\u00e1s de 16 tr\u00e1mites y que por ejemplo para la apertura de negocios que se tardaban meses, hoy lo puedes hacer en tan solo algunas horas, incluso en el momento, hay algunos tr\u00e1mites que se tardan un poquito m\u00e1s porque tienen que hacer una revisi\u00f3n\u201d, indic\u00f3; empero, lo anterior ser\u00e1 motivo de otro an\u00e1lisis en posterior entrega de HORA 14.<\/p>\n<p><a href=\"mailto:mauricioconde59@outlook.com\">mauricioconde59@outlook.com<\/a><\/p>\n<p>X:@mauconde<\/p>\n","protected":false},"excerpt":{"rendered":"<p>HORA 14 \u00a0Mauricio Conde Olivares &nbsp; &nbsp; Con una inversi\u00f3n de 700 millones de d\u00f3lares el Hotel Xcaret ampli\u00f3 hoy su capacidad con 900 habitaciones nuevas, por lo que duplic\u00f3 el n\u00famero de cuartos para llegar a los mil 800. Con ello, Grupo Xcaret sum\u00f3 mil 70 millones de d\u00f3lares invertidos desde su apertura en [&hellip;]<\/p>\n","protected":false},"author":14,"featured_media":0,"comment_status":"open","ping_status":"open","sticky":false,"template":"","format":"standard","meta":{"_monsterinsights_skip_tracking":false,"_monsterinsights_sitenote_active":false,"_monsterinsights_sitenote_note":"","_monsterinsights_sitenote_category":0,"footnotes":""},"categories":[35889,101305],"tags":[],"class_list":["post-673635","post","type-post","status-publish","format-standard","hentry","category-mauricio-conde-olivares","category-quintana-roo"],"_links":{"self":[{"href":"https:\/\/www.diarioimagen.net\/index.php?rest_route=\/wp\/v2\/posts\/673635","targetHints":{"allow":["GET"]}}],"collection":[{"href":"https:\/\/www.diarioimagen.net\/index.php?rest_route=\/wp\/v2\/posts"}],"about":[{"href":"https:\/\/www.diarioimagen.net\/index.php?rest_route=\/wp\/v2\/types\/post"}],"author":[{"embeddable":true,"href":"https:\/\/www.diarioimagen.net\/index.php?rest_route=\/wp\/v2\/users\/14"}],"replies":[{"embeddable":true,"href":"https:\/\/www.diarioimagen.net\/index.php?rest_route=%2Fwp%2Fv2%2Fcomments&post=673635"}],"version-history":[{"count":1,"href":"https:\/\/www.diarioimagen.net\/index.php?rest_route=\/wp\/v2\/posts\/673635\/revisions"}],"predecessor-version":[{"id":673636,"href":"https:\/\/www.diarioimagen.net\/index.php?rest_route=\/wp\/v2\/posts\/673635\/revisions\/673636"}],"wp:attachment":[{"href":"https:\/\/www.diarioimagen.net\/index.php?rest_route=%2Fwp%2Fv2%2Fmedia&parent=673635"}],"wp:term":[{"taxonomy":"category","embeddable":true,"href":"https:\/\/www.diarioimagen.net\/index.php?rest_route=%2Fwp%2Fv2%2Fcategories&post=673635"},{"taxonomy":"post_tag","embeddable":true,"href":"https:\/\/www.diarioimagen.net\/index.php?rest_route=%2Fwp%2Fv2%2Ftags&post=673635"}],"curies":[{"name":"wp","href":"https:\/\/api.w.org\/{rel}","templated":true}]}}