{"id":673655,"date":"2025-06-30T22:10:13","date_gmt":"2025-07-01T04:10:13","guid":{"rendered":"https:\/\/www.diarioimagen.net\/?p=673655"},"modified":"2025-06-30T22:10:13","modified_gmt":"2025-07-01T04:10:13","slug":"ejidatarios-denuncian-a-una-empresa-que-opera-tiradero-a-cielo-abierto-en-naucalpan","status":"publish","type":"post","link":"https:\/\/www.diarioimagen.net\/?p=673655","title":{"rendered":"Ejidatarios denuncian a una empresa que  opera tiradero a cielo abierto en Naucalpan"},"content":{"rendered":"<ul>\n<li><strong>Genera severos da\u00f1os ambientales y sociales<\/strong><\/li>\n<\/ul>\n<div id=\"attachment_673656\" style=\"width: 405px\" class=\"wp-caption alignnone\"><img loading=\"lazy\" decoding=\"async\" aria-describedby=\"caption-attachment-673656\" class=\"wp-image-673656 size-large\" src=\"https:\/\/www.diarioimagen.net\/wp-content\/uploads\/2025\/06\/BAENA-1-ok-20-395x270.jpg\" alt=\"\" width=\"395\" height=\"270\" srcset=\"https:\/\/www.diarioimagen.net\/wp-content\/uploads\/2025\/06\/BAENA-1-ok-20-395x270.jpg 395w, https:\/\/www.diarioimagen.net\/wp-content\/uploads\/2025\/06\/BAENA-1-ok-20-240x164.jpg 240w, https:\/\/www.diarioimagen.net\/wp-content\/uploads\/2025\/06\/BAENA-1-ok-20-768x525.jpg 768w, https:\/\/www.diarioimagen.net\/wp-content\/uploads\/2025\/06\/BAENA-1-ok-20.jpg 1500w\" sizes=\"auto, (max-width: 395px) 100vw, 395px\" \/><p id=\"caption-attachment-673656\" class=\"wp-caption-text\">La empresa PRO FAJ Hidrolimpieza, que opera un tiradero a cielo abierto en Naucalpan, ha excedido las hect\u00e1reas autorizadas en su Manifestaci\u00f3n de Impacto Ambiental, utilizando una superficie mayor sin permiso, denuncian ejidatarios.<\/p><\/div>\n<p>&nbsp;<\/p>\n<p>Naucalpan. M\u00e9x.- Ejidatarios del n\u00facleo agrario de Santiago Tepatlaxco han denunciado p\u00fablicamente a la empresa PRO FAJ Hidrolimpieza por operar un tiradero de basura que ha generado severos da\u00f1os ambientales y sociales, adem\u00e1s de ocupar ilegalmente tierras ejidales sin el consentimiento de la asamblea general.<\/p>\n<p>Los afectados aseguran que el sitio de disposici\u00f3n final de residuos s\u00f3lidos no cuenta con el aval de los ejidatarios y que la empresa ha excedido las hect\u00e1reas autorizadas en su Manifestaci\u00f3n de Impacto Ambiental (MIA), utilizando una superficie mucho mayor sin permiso, lo cual representa una clara violaci\u00f3n a la tenencia legal de la tierra.<\/p>\n<p>Adem\u00e1s, acusan que el tiradero ha ocasionado un grave pasivo ambiental, al emitir olores f\u00e9tidos, permitir la proliferaci\u00f3n de fauna nociva y manejar los residuos de forma irregular y peligrosa para la salud de los habitantes y el medio ambiente.<\/p>\n<p>Uno de los episodios m\u00e1s lamentables ocurri\u00f3 en 2023, cuando una explosi\u00f3n en el tiradero sepult\u00f3 a dos pepenadores bajo toneladas de basura. Las autoridades solo lograron recuperar un cuerpo sin vida, dejando constancia de las condiciones inseguras y sin protocolos con las que opera el sitio.<\/p>\n<p>Tambi\u00e9n se report\u00f3 el colapso de la laguna de lixiviados, cuyo contenido se filtr\u00f3 al subsuelo, contaminando los mantos acu\u00edferos de la regi\u00f3n. Este derrame provoc\u00f3 la muerte de cientos de peces en la presa Mad\u00edn, generando un fuerte impacto ecol\u00f3gico y afectando a comunidades aguas abajo.<\/p>\n<p>A pesar de todo lo anterior, los ejidatarios revelaron que la empresa ha solicitado al gobierno de la Ciudad de M\u00e9xico que le env\u00ede 1,500 toneladas diarias de basura.<\/p>\n<p>\u201cEso ya es el colmo. No tienen permisos completos, est\u00e1n contaminando, invadiendo nuestras tierras y a\u00fan as\u00ed piden m\u00e1s basura. Es una burla para la comunidad\u201d, declar\u00f3 uno de los representantes ejidales.<\/p>\n<p>El caso ya ha sido turnado a instancias como la Secretar\u00eda del Medio Ambiente del GEM, PRopaem, Tribunales\u00a0 y la Procuradur\u00eda Agraria, con el objetivo de detener la operaci\u00f3n del tiradero, sancionar a los responsables y recuperar las tierras ejidales ocupadas de forma ilegal.<\/p>\n<p>Hasta el momento, la empresa PRO FAJ Hidrolimpieza no ha ofrecido una postura oficial ante estas denuncias.<\/p>\n<p>&nbsp;<\/p>\n<p><strong>\u00a0<\/strong><\/p>\n","protected":false},"excerpt":{"rendered":"<p>Genera severos da\u00f1os ambientales y sociales &nbsp; Naucalpan. M\u00e9x.- Ejidatarios del n\u00facleo agrario de Santiago Tepatlaxco han denunciado p\u00fablicamente a la empresa PRO FAJ Hidrolimpieza por operar un tiradero de basura que ha generado severos da\u00f1os ambientales y sociales, adem\u00e1s de ocupar ilegalmente tierras ejidales sin el consentimiento de la asamblea general. Los afectados aseguran [&hellip;]<\/p>\n","protected":false},"author":14,"featured_media":673656,"comment_status":"open","ping_status":"open","sticky":false,"template":"","format":"standard","meta":{"_monsterinsights_skip_tracking":false,"_monsterinsights_sitenote_active":false,"_monsterinsights_sitenote_note":"","_monsterinsights_sitenote_category":0,"footnotes":""},"categories":[5],"tags":[],"class_list":["post-673655","post","type-post","status-publish","format-standard","has-post-thumbnail","hentry","category-estado-de-mexico"],"_links":{"self":[{"href":"https:\/\/www.diarioimagen.net\/index.php?rest_route=\/wp\/v2\/posts\/673655","targetHints":{"allow":["GET"]}}],"collection":[{"href":"https:\/\/www.diarioimagen.net\/index.php?rest_route=\/wp\/v2\/posts"}],"about":[{"href":"https:\/\/www.diarioimagen.net\/index.php?rest_route=\/wp\/v2\/types\/post"}],"author":[{"embeddable":true,"href":"https:\/\/www.diarioimagen.net\/index.php?rest_route=\/wp\/v2\/users\/14"}],"replies":[{"embeddable":true,"href":"https:\/\/www.diarioimagen.net\/index.php?rest_route=%2Fwp%2Fv2%2Fcomments&post=673655"}],"version-history":[{"count":1,"href":"https:\/\/www.diarioimagen.net\/index.php?rest_route=\/wp\/v2\/posts\/673655\/revisions"}],"predecessor-version":[{"id":673657,"href":"https:\/\/www.diarioimagen.net\/index.php?rest_route=\/wp\/v2\/posts\/673655\/revisions\/673657"}],"wp:featuredmedia":[{"embeddable":true,"href":"https:\/\/www.diarioimagen.net\/index.php?rest_route=\/wp\/v2\/media\/673656"}],"wp:attachment":[{"href":"https:\/\/www.diarioimagen.net\/index.php?rest_route=%2Fwp%2Fv2%2Fmedia&parent=673655"}],"wp:term":[{"taxonomy":"category","embeddable":true,"href":"https:\/\/www.diarioimagen.net\/index.php?rest_route=%2Fwp%2Fv2%2Fcategories&post=673655"},{"taxonomy":"post_tag","embeddable":true,"href":"https:\/\/www.diarioimagen.net\/index.php?rest_route=%2Fwp%2Fv2%2Ftags&post=673655"}],"curies":[{"name":"wp","href":"https:\/\/api.w.org\/{rel}","templated":true}]}}