{"id":673658,"date":"2025-06-30T22:12:18","date_gmt":"2025-07-01T04:12:18","guid":{"rendered":"https:\/\/www.diarioimagen.net\/?p=673658"},"modified":"2025-06-30T22:12:18","modified_gmt":"2025-07-01T04:12:18","slug":"se-fortalece-la-organizacion-de-regidores-y-sindicos-en-edomex","status":"publish","type":"post","link":"https:\/\/www.diarioimagen.net\/?p=673658","title":{"rendered":"Se fortalece la organizaci\u00f3n de  regidores y s\u00edndicos en Edomex"},"content":{"rendered":"<ul>\n<li><strong>Llega Maribel Soto a la Conasyr<\/strong><\/li>\n<\/ul>\n<div id=\"attachment_673659\" style=\"width: 192px\" class=\"wp-caption alignnone\"><img loading=\"lazy\" decoding=\"async\" aria-describedby=\"caption-attachment-673659\" class=\"wp-image-673659 size-large\" src=\"https:\/\/www.diarioimagen.net\/wp-content\/uploads\/2025\/06\/BAENA-2-ok-20-182x270.jpg\" alt=\"\" width=\"182\" height=\"270\" srcset=\"https:\/\/www.diarioimagen.net\/wp-content\/uploads\/2025\/06\/BAENA-2-ok-20-182x270.jpg 182w, https:\/\/www.diarioimagen.net\/wp-content\/uploads\/2025\/06\/BAENA-2-ok-20-161x240.jpg 161w, https:\/\/www.diarioimagen.net\/wp-content\/uploads\/2025\/06\/BAENA-2-ok-20-768x1142.jpg 768w, https:\/\/www.diarioimagen.net\/wp-content\/uploads\/2025\/06\/BAENA-2-ok-20-1033x1536.jpg 1033w, https:\/\/www.diarioimagen.net\/wp-content\/uploads\/2025\/06\/BAENA-2-ok-20-1377x2048.jpg 1377w, https:\/\/www.diarioimagen.net\/wp-content\/uploads\/2025\/06\/BAENA-2-ok-20.jpg 1500w\" sizes=\"auto, (max-width: 182px) 100vw, 182px\" \/><p id=\"caption-attachment-673659\" class=\"wp-caption-text\">Maribel Soto se\u00f1al\u00f3 que la gobernabilidad en los cabildos es clave para el correcto\u00a0 desarrollo de cualquier\u00a0 municipio.<\/p><\/div>\n<p><strong>\u00a0<\/strong><\/p>\n<p>&nbsp;<\/p>\n<p>&nbsp;<\/p>\n<p>Tlalnepantla, M\u00e9x.- La llegada de Maribel Soto D\u00edaz, actual S\u00edndico del municipio de Tlalnepantla, como titular de la Coordinadora Nacional de S\u00edndicos y Regidores (Conasyr), en el Estado de M\u00e9xico, marca un paso significativo para fortalecer la organizaci\u00f3n de regidores y s\u00edndicos, en todo el territorio mexiquense.<\/p>\n<p>&nbsp;<\/p>\n<p>Al tomar protesta como coordinadora estatal de la Conasyr, Maribel Soto reafirm\u00f3 el sentido progresista de la administraci\u00f3n municipal, la cual es una organizaci\u00f3n de mujeres y hombres que representan los principios y valores de izquierda, que forman parte del eslab\u00f3n m\u00e1s importante de la democracia representativa, el municipio libre, destac\u00f3 la tambi\u00e9n servidora p\u00fablica tlalnepantlense.<\/p>\n<p>&nbsp;<\/p>\n<p>Al resaltar que la Conasyr forma parte de la Asociaci\u00f3n de Alcaldes de M\u00e9xico (AALMAC), Soto D\u00edaz enfatiz\u00f3 que la gobernabilidad en los cabildos es clave para el correcto\u00a0 desarrollo de cualquier\u00a0 municipio. \u201cUn cabildo unido, abierto y participativo es la base de una democracia s\u00f3lida\u201d, afirm\u00f3.<\/p>\n<p>&nbsp;<\/p>\n<p>La experiencia y visi\u00f3n pol\u00edtica y social de Maribel Soto impulsar\u00e1 y consolidar\u00e1 el trabajo de los Ayuntamientos en\u00a0 Tlalnepantla y en todo el Estado de M\u00e9xico.<\/p>\n<p>&nbsp;<\/p>\n<p>Ante la presencia del alcalde anfitri\u00f3n, Raciel P\u00e9rez Cruz, Armando Quintero Coordinador Nacional del INAFED, le tom\u00f3 protesta ante s\u00edndicos y regidores de todo el estado de M\u00e9xico.<\/p>\n<p>&nbsp;<\/p>\n<p>En entrevista, Maribel Soto resalt\u00f3 el trabajo coordinado con la presidenta Claudia Sheinbaum Pardo y subray\u00f3 que los municipios son el primer frente de acci\u00f3n para atender las necesidades y demandas\u00a0 ciudadanas.<\/p>\n<p>&nbsp;<\/p>\n<p>\u201cDesde Tlalnepantla de Baz, llamamos a fortalecer los cabildos con transparencia y di\u00e1logo, porque gobernar es servir\u00bb, se\u00f1al\u00f3. Insisti\u00f3 en que la gobernabilidad local debe priorizar el bienestar de la gente. \u00abSolo con municipios fuertes lograremos un Estado de M\u00e9xico m\u00e1s justo\u201d, puntualiz\u00f3.<\/p>\n<p>&nbsp;<\/p>\n<p>&nbsp;<\/p>\n","protected":false},"excerpt":{"rendered":"<p>Llega Maribel Soto a la Conasyr \u00a0 &nbsp; &nbsp; Tlalnepantla, M\u00e9x.- La llegada de Maribel Soto D\u00edaz, actual S\u00edndico del municipio de Tlalnepantla, como titular de la Coordinadora Nacional de S\u00edndicos y Regidores (Conasyr), en el Estado de M\u00e9xico, marca un paso significativo para fortalecer la organizaci\u00f3n de regidores y s\u00edndicos, en todo el territorio [&hellip;]<\/p>\n","protected":false},"author":14,"featured_media":673659,"comment_status":"open","ping_status":"open","sticky":false,"template":"","format":"standard","meta":{"_monsterinsights_skip_tracking":false,"_monsterinsights_sitenote_active":false,"_monsterinsights_sitenote_note":"","_monsterinsights_sitenote_category":0,"footnotes":""},"categories":[5],"tags":[],"class_list":["post-673658","post","type-post","status-publish","format-standard","has-post-thumbnail","hentry","category-estado-de-mexico"],"_links":{"self":[{"href":"https:\/\/www.diarioimagen.net\/index.php?rest_route=\/wp\/v2\/posts\/673658","targetHints":{"allow":["GET"]}}],"collection":[{"href":"https:\/\/www.diarioimagen.net\/index.php?rest_route=\/wp\/v2\/posts"}],"about":[{"href":"https:\/\/www.diarioimagen.net\/index.php?rest_route=\/wp\/v2\/types\/post"}],"author":[{"embeddable":true,"href":"https:\/\/www.diarioimagen.net\/index.php?rest_route=\/wp\/v2\/users\/14"}],"replies":[{"embeddable":true,"href":"https:\/\/www.diarioimagen.net\/index.php?rest_route=%2Fwp%2Fv2%2Fcomments&post=673658"}],"version-history":[{"count":1,"href":"https:\/\/www.diarioimagen.net\/index.php?rest_route=\/wp\/v2\/posts\/673658\/revisions"}],"predecessor-version":[{"id":673660,"href":"https:\/\/www.diarioimagen.net\/index.php?rest_route=\/wp\/v2\/posts\/673658\/revisions\/673660"}],"wp:featuredmedia":[{"embeddable":true,"href":"https:\/\/www.diarioimagen.net\/index.php?rest_route=\/wp\/v2\/media\/673659"}],"wp:attachment":[{"href":"https:\/\/www.diarioimagen.net\/index.php?rest_route=%2Fwp%2Fv2%2Fmedia&parent=673658"}],"wp:term":[{"taxonomy":"category","embeddable":true,"href":"https:\/\/www.diarioimagen.net\/index.php?rest_route=%2Fwp%2Fv2%2Fcategories&post=673658"},{"taxonomy":"post_tag","embeddable":true,"href":"https:\/\/www.diarioimagen.net\/index.php?rest_route=%2Fwp%2Fv2%2Ftags&post=673658"}],"curies":[{"name":"wp","href":"https:\/\/api.w.org\/{rel}","templated":true}]}}