{"id":673661,"date":"2025-06-30T22:13:18","date_gmt":"2025-07-01T04:13:18","guid":{"rendered":"https:\/\/www.diarioimagen.net\/?p=673661"},"modified":"2025-06-30T22:13:18","modified_gmt":"2025-07-01T04:13:18","slug":"continua-la-disminucion-de-la-incidencia-delictiva-en-ecatepec","status":"publish","type":"post","link":"https:\/\/www.diarioimagen.net\/?p=673661","title":{"rendered":"Contin\u00faa la disminuci\u00f3n de la  incidencia delictiva en Ecatepec"},"content":{"rendered":"<ul>\n<li><strong>Coordinaci\u00f3n de gobiernos: Cisneros Coss<\/strong><\/li>\n<\/ul>\n<div id=\"attachment_673662\" style=\"width: 337px\" class=\"wp-caption alignnone\"><img loading=\"lazy\" decoding=\"async\" aria-describedby=\"caption-attachment-673662\" class=\"wp-image-673662 size-large\" src=\"https:\/\/www.diarioimagen.net\/wp-content\/uploads\/2025\/06\/BAENA-3-ok-20-327x270.jpg\" alt=\"\" width=\"327\" height=\"270\" srcset=\"https:\/\/www.diarioimagen.net\/wp-content\/uploads\/2025\/06\/BAENA-3-ok-20-327x270.jpg 327w, https:\/\/www.diarioimagen.net\/wp-content\/uploads\/2025\/06\/BAENA-3-ok-20-240x198.jpg 240w, https:\/\/www.diarioimagen.net\/wp-content\/uploads\/2025\/06\/BAENA-3-ok-20-768x634.jpg 768w, https:\/\/www.diarioimagen.net\/wp-content\/uploads\/2025\/06\/BAENA-3-ok-20-1536x1268.jpg 1536w, https:\/\/www.diarioimagen.net\/wp-content\/uploads\/2025\/06\/BAENA-3-ok-20-2048x1691.jpg 2048w\" sizes=\"auto, (max-width: 327px) 100vw, 327px\" \/><p id=\"caption-attachment-673662\" class=\"wp-caption-text\">La alcaldesa Azucena Cisneros destac\u00f3 que el plan de seguridad dise\u00f1ado desde la presidencia municipal de Ecatepec se ha fortalecido con la Estrategia Zona Oriente.<\/p><\/div>\n<p>&nbsp;<\/p>\n<p>&nbsp;<\/p>\n<p>Ecatepec, M\u00e9x.- La estrategia de seguridad en este municipio se ha fortalecido en los \u00faltimos tres meses con el respaldo federal y la coordinaci\u00f3n de los tres niveles de gobierno, lo que mantiene a la baja la incidencia delictiva, afirm\u00f3 la presidenta municipal Azucena Cisneros Coss.<\/p>\n<p>&nbsp;<\/p>\n<p>\u201cLa Estrategia Operativa Oriente avanza y en Ecatepec contin\u00faa la disminuci\u00f3n de la incidencia delictiva, sobre todo en delitos como robo de veh\u00edculos\u201d, asever\u00f3.<\/p>\n<p>&nbsp;<\/p>\n<p>La alcaldesa particip\u00f3 en la Mesa de Seguridad efectuada el 26 junio en Palacio Nacional, encabezada por la presidenta de la Rep\u00fablica Claudia Sheinbaum y la gobernadora Delfina G\u00f3mez, donde se inform\u00f3 que gracias a los operativos y la estrategia se redujo la incidencia en diversos delitos.<\/p>\n<p>&nbsp;<\/p>\n<p>Cisneros Coss reiter\u00f3 que Ecatepec es prioridad del gobierno federal, que mantiene presencia permanente en el municipio de elementos de las secretar\u00edas de Marina y de la Defensa Nacional (Sedena), as\u00ed como de la Guardia Nacional, lo que inhibe la comisi\u00f3n de il\u00edcitos.<\/p>\n<p>&nbsp;<\/p>\n<p>Destac\u00f3 que el plan de seguridad dise\u00f1ado desde la presidencia municipal se ha fortalecido con la Estrategia Zona Oriente en la atenci\u00f3n de delitos de alto impacto; sin embargo, se mantiene como prioridad del gobierno local avanzar en la proximidad social y la prevenci\u00f3n del delito.<\/p>\n<p>&nbsp;<\/p>\n<p>En este sentido, la polic\u00eda municipal tiene presencia territorial permanente en 230 cuadrantes, adem\u00e1s de que diariamente se realizan despliegues de los tres niveles de gobierno mediante diversos operativos: Mando Coordinado-Zona Oriente con operaciones conjuntas entre los tres niveles de gobierno para inhibir actividades delictivas; Robo de Veh\u00edculo, con patrullajes focalizados, videovigilancia y an\u00e1lisis de inteligencia; Proximidad Social y Blindaje Metropolitano puestos en marcha en las principales v\u00edas de circulaci\u00f3n, adem\u00e1s de Transporte Seguro para prevenir robos, acoso y portaci\u00f3n de arma.<\/p>\n<p>&nbsp;<\/p>\n<p>&nbsp;<\/p>\n","protected":false},"excerpt":{"rendered":"<p>Coordinaci\u00f3n de gobiernos: Cisneros Coss &nbsp; &nbsp; Ecatepec, M\u00e9x.- La estrategia de seguridad en este municipio se ha fortalecido en los \u00faltimos tres meses con el respaldo federal y la coordinaci\u00f3n de los tres niveles de gobierno, lo que mantiene a la baja la incidencia delictiva, afirm\u00f3 la presidenta municipal Azucena Cisneros Coss. &nbsp; \u201cLa [&hellip;]<\/p>\n","protected":false},"author":14,"featured_media":673662,"comment_status":"open","ping_status":"open","sticky":false,"template":"","format":"standard","meta":{"_monsterinsights_skip_tracking":false,"_monsterinsights_sitenote_active":false,"_monsterinsights_sitenote_note":"","_monsterinsights_sitenote_category":0,"footnotes":""},"categories":[5],"tags":[],"class_list":["post-673661","post","type-post","status-publish","format-standard","has-post-thumbnail","hentry","category-estado-de-mexico"],"_links":{"self":[{"href":"https:\/\/www.diarioimagen.net\/index.php?rest_route=\/wp\/v2\/posts\/673661","targetHints":{"allow":["GET"]}}],"collection":[{"href":"https:\/\/www.diarioimagen.net\/index.php?rest_route=\/wp\/v2\/posts"}],"about":[{"href":"https:\/\/www.diarioimagen.net\/index.php?rest_route=\/wp\/v2\/types\/post"}],"author":[{"embeddable":true,"href":"https:\/\/www.diarioimagen.net\/index.php?rest_route=\/wp\/v2\/users\/14"}],"replies":[{"embeddable":true,"href":"https:\/\/www.diarioimagen.net\/index.php?rest_route=%2Fwp%2Fv2%2Fcomments&post=673661"}],"version-history":[{"count":1,"href":"https:\/\/www.diarioimagen.net\/index.php?rest_route=\/wp\/v2\/posts\/673661\/revisions"}],"predecessor-version":[{"id":673663,"href":"https:\/\/www.diarioimagen.net\/index.php?rest_route=\/wp\/v2\/posts\/673661\/revisions\/673663"}],"wp:featuredmedia":[{"embeddable":true,"href":"https:\/\/www.diarioimagen.net\/index.php?rest_route=\/wp\/v2\/media\/673662"}],"wp:attachment":[{"href":"https:\/\/www.diarioimagen.net\/index.php?rest_route=%2Fwp%2Fv2%2Fmedia&parent=673661"}],"wp:term":[{"taxonomy":"category","embeddable":true,"href":"https:\/\/www.diarioimagen.net\/index.php?rest_route=%2Fwp%2Fv2%2Fcategories&post=673661"},{"taxonomy":"post_tag","embeddable":true,"href":"https:\/\/www.diarioimagen.net\/index.php?rest_route=%2Fwp%2Fv2%2Ftags&post=673661"}],"curies":[{"name":"wp","href":"https:\/\/api.w.org\/{rel}","templated":true}]}}