{"id":673664,"date":"2025-06-30T22:15:12","date_gmt":"2025-07-01T04:15:12","guid":{"rendered":"https:\/\/www.diarioimagen.net\/?p=673664"},"modified":"2025-06-30T22:15:12","modified_gmt":"2025-07-01T04:15:12","slug":"normalistas-realizan-visita-al-centro-de-rehabilitacion-del-smsem","status":"publish","type":"post","link":"https:\/\/www.diarioimagen.net\/?p=673664","title":{"rendered":"Normalistas realizan visita al Centro de Rehabilitaci\u00f3n del SMSEM"},"content":{"rendered":"<p>&nbsp;<\/p>\n<p><img loading=\"lazy\" decoding=\"async\" class=\"alignnone wp-image-673665 size-large\" src=\"https:\/\/www.diarioimagen.net\/wp-content\/uploads\/2025\/06\/BAENA4-ok-407x270.jpg\" alt=\"\" width=\"407\" height=\"270\" srcset=\"https:\/\/www.diarioimagen.net\/wp-content\/uploads\/2025\/06\/BAENA4-ok-407x270.jpg 407w, https:\/\/www.diarioimagen.net\/wp-content\/uploads\/2025\/06\/BAENA4-ok-240x159.jpg 240w, https:\/\/www.diarioimagen.net\/wp-content\/uploads\/2025\/06\/BAENA4-ok-768x510.jpg 768w, https:\/\/www.diarioimagen.net\/wp-content\/uploads\/2025\/06\/BAENA4-ok.jpg 1500w\" sizes=\"auto, (max-width: 407px) 100vw, 407px\" \/><\/p>\n<p>Toluca, M\u00e9x.- A lo largo de m\u00e1s de siete d\u00e9cadas, el Sindicato de Maestros al Servicio del Estado de M\u00e9xico ha sido semillero de docentes con formaci\u00f3n integral y visi\u00f3n humanista. Esa convicci\u00f3n se reafirm\u00f3 con la visita guiada que estudiantes de la Centenaria y Benem\u00e9rita Escuela Normal para Profesores realizaron al Centro de Rehabilitaci\u00f3n del SMSEM (CREHA), ubicado en San Mateo Atenco. Por instrucciones del Secretario General, Jenaro Mart\u00ednez Reyes, la actual dirigencia del SMSEM impulsa una pol\u00edtica de cercan\u00eda con los docentes en formaci\u00f3n. Como parte de estos trabajos, las y los j\u00f3venes, pr\u00f3ximos a concluir el sexto semestre del curso Arte y Deporte desde el marco inclusivo, conocieron de primera mano los servicios m\u00e9dicos, terap\u00e9uticos y param\u00e9dicos que ofrece este espacio creado especialmente para hijas e hijos de maestras y maestros con discapacidad. El grupo recorri\u00f3 las distintas \u00e1reas del centro, desde las salas de medicina de rehabilitaci\u00f3n hasta las unidades de terapia f\u00edsica, ocupacional, de lenguaje, neuroterapia, hidroterapia y estimulaci\u00f3n multisensorial.<\/p>\n<p>&nbsp;<\/p>\n<p>&nbsp;<\/p>\n<p>&nbsp;<\/p>\n<p>Adem\u00e1s, participaron en pl\u00e1ticas sobre autismo e integraci\u00f3n sensorial, reforzando su formaci\u00f3n acad\u00e9mica desde un enfoque pr\u00e1ctico, humano y profundamente incluyente.<\/p>\n<p>&nbsp;<\/p>\n<p>En menos de dos a\u00f1os de operaci\u00f3n, el SMSEM CREHA se ha posicionado como una instituci\u00f3n de excelencia que atiende necesidades sensibles del magisterio y al mismo tiempo, contribuye a construir un modelo educativo m\u00e1s emp\u00e1tico, accesible y comprometido con la diversidad.<\/p>\n","protected":false},"excerpt":{"rendered":"<p>&nbsp; Toluca, M\u00e9x.- A lo largo de m\u00e1s de siete d\u00e9cadas, el Sindicato de Maestros al Servicio del Estado de M\u00e9xico ha sido semillero de docentes con formaci\u00f3n integral y visi\u00f3n humanista. Esa convicci\u00f3n se reafirm\u00f3 con la visita guiada que estudiantes de la Centenaria y Benem\u00e9rita Escuela Normal para Profesores realizaron al Centro de [&hellip;]<\/p>\n","protected":false},"author":14,"featured_media":673665,"comment_status":"open","ping_status":"open","sticky":false,"template":"","format":"standard","meta":{"_monsterinsights_skip_tracking":false,"_monsterinsights_sitenote_active":false,"_monsterinsights_sitenote_note":"","_monsterinsights_sitenote_category":0,"footnotes":""},"categories":[5],"tags":[],"class_list":["post-673664","post","type-post","status-publish","format-standard","has-post-thumbnail","hentry","category-estado-de-mexico"],"_links":{"self":[{"href":"https:\/\/www.diarioimagen.net\/index.php?rest_route=\/wp\/v2\/posts\/673664","targetHints":{"allow":["GET"]}}],"collection":[{"href":"https:\/\/www.diarioimagen.net\/index.php?rest_route=\/wp\/v2\/posts"}],"about":[{"href":"https:\/\/www.diarioimagen.net\/index.php?rest_route=\/wp\/v2\/types\/post"}],"author":[{"embeddable":true,"href":"https:\/\/www.diarioimagen.net\/index.php?rest_route=\/wp\/v2\/users\/14"}],"replies":[{"embeddable":true,"href":"https:\/\/www.diarioimagen.net\/index.php?rest_route=%2Fwp%2Fv2%2Fcomments&post=673664"}],"version-history":[{"count":1,"href":"https:\/\/www.diarioimagen.net\/index.php?rest_route=\/wp\/v2\/posts\/673664\/revisions"}],"predecessor-version":[{"id":673666,"href":"https:\/\/www.diarioimagen.net\/index.php?rest_route=\/wp\/v2\/posts\/673664\/revisions\/673666"}],"wp:featuredmedia":[{"embeddable":true,"href":"https:\/\/www.diarioimagen.net\/index.php?rest_route=\/wp\/v2\/media\/673665"}],"wp:attachment":[{"href":"https:\/\/www.diarioimagen.net\/index.php?rest_route=%2Fwp%2Fv2%2Fmedia&parent=673664"}],"wp:term":[{"taxonomy":"category","embeddable":true,"href":"https:\/\/www.diarioimagen.net\/index.php?rest_route=%2Fwp%2Fv2%2Fcategories&post=673664"},{"taxonomy":"post_tag","embeddable":true,"href":"https:\/\/www.diarioimagen.net\/index.php?rest_route=%2Fwp%2Fv2%2Ftags&post=673664"}],"curies":[{"name":"wp","href":"https:\/\/api.w.org\/{rel}","templated":true}]}}