{"id":673756,"date":"2025-06-30T22:52:14","date_gmt":"2025-07-01T04:52:14","guid":{"rendered":"https:\/\/www.diarioimagen.net\/?p=673756"},"modified":"2025-06-30T22:52:33","modified_gmt":"2025-07-01T04:52:33","slug":"edomex-otorgara-traslados-gratuitos-a-ninez-con-cancer-sin-seguridad-social","status":"publish","type":"post","link":"https:\/\/www.diarioimagen.net\/?p=673756","title":{"rendered":"Edomex otorgar\u00e1 traslados gratuitos  a ni\u00f1ez con c\u00e1ncer sin seguridad social,"},"content":{"rendered":"<ul>\n<li><strong>Anuncia la gobernadora Delfina G\u00f3mez \u00c1lvarez<\/strong><\/li>\n<li><strong> Tambi\u00e9n rehabilita \u00e1rea de Bienestar Canino del SUEM en beneficio del equipo de rescate K9<\/strong><\/li>\n<\/ul>\n<div id=\"attachment_673757\" style=\"width: 415px\" class=\"wp-caption alignnone\"><img loading=\"lazy\" decoding=\"async\" aria-describedby=\"caption-attachment-673757\" class=\"wp-image-673757 size-large\" src=\"https:\/\/www.diarioimagen.net\/wp-content\/uploads\/2025\/06\/DELFINA-OK-3-405x270.jpg\" alt=\"\" width=\"405\" height=\"270\" srcset=\"https:\/\/www.diarioimagen.net\/wp-content\/uploads\/2025\/06\/DELFINA-OK-3-405x270.jpg 405w, https:\/\/www.diarioimagen.net\/wp-content\/uploads\/2025\/06\/DELFINA-OK-3-240x160.jpg 240w, https:\/\/www.diarioimagen.net\/wp-content\/uploads\/2025\/06\/DELFINA-OK-3-768x511.jpg 768w, https:\/\/www.diarioimagen.net\/wp-content\/uploads\/2025\/06\/DELFINA-OK-3.jpg 1500w\" sizes=\"auto, (max-width: 405px) 100vw, 405px\" \/><p id=\"caption-attachment-673757\" class=\"wp-caption-text\">Delfina G\u00f3mez \u00c1lvarez anunci\u00f3 que el SUEM ofrecer\u00e1 traslados m\u00e9dicos gratuitos a ni\u00f1as y ni\u00f1os con c\u00e1ncer sin seguridad social en el Estado de M\u00e9xico.<\/p><\/div>\n<p>&nbsp;<\/p>\n<p>&nbsp;<\/p>\n<p>Toluca, Estado de M\u00e9xico.- La gobernadora Delfina G\u00f3mez \u00c1lvarez encabez\u00f3 la firma de un convenio para ofrecer traslados m\u00e9dicos gratuitos a ni\u00f1as y ni\u00f1os con c\u00e1ncer sin seguridad social en el Estado de M\u00e9xico. La medida busca garantizar que los pacientes pedi\u00e1tricos regresen de forma segura a sus hogares tras recibir tratamiento oncol\u00f3gico, sin que sus familias enfrenten costos adicionales.<\/p>\n<p>\u201cEl trabajo en equipo y la suma de voluntades nos permite facilitar un medio de transporte operado por el Servicio de Urgencias del Estado de M\u00e9xico (SUEM), garantizando un traslado seguro y gratuito para que regresen a sus hogares una vez que hayan recibido su tratamiento\u201d, afirm\u00f3 la Gobernadora Delfina G\u00f3mez \u00c1lvarez.<\/p>\n<p>El convenio signado entre el Instituto Materno Infantil y el Servicio de Urgencias del Estado de M\u00e9xico forma parte del compromiso del Gobierno estatal con la equidad en el acceso a servicios m\u00e9dicos y de emergencia, y representa un apoyo directo a las familias que enfrentan altos costos por el tratamiento y transporte de sus hijos.<\/p>\n<p>Los traslados ser\u00e1n a trav\u00e9s de siete unidades del SUEM y beneficiar\u00e1 principalmente a pacientes de municipios como San Jos\u00e9 del Rinc\u00f3n, Atlacomulco, San Felipe del Progreso, Jilotepec, Otzoloapan, Luvianos, Chalco y Tec\u00e1mac.<\/p>\n<p>Tambi\u00e9n establece mecanismos de coordinaci\u00f3n interinstitucional para optimizar recursos, unificar protocolos de atenci\u00f3n y asegurar el seguimiento cl\u00ednico continuo.<\/p>\n<p>Durante el evento, la mandataria estatal tambi\u00e9n entreg\u00f3 la rehabilitaci\u00f3n del \u00e1rea de Bienestar Canino del SUEM, destinada a mejorar las condiciones de los perros rescatistas del Grupo especial K9, quienes participan en misiones de emergencia y b\u00fasqueda.<\/p>\n<p>\u201cReconozco el humanismo y la vocaci\u00f3n de servicio del SUEM, que hoy tambi\u00e9n dignifican la vida de los seres sintientes que forman parte del equipo de rescatistas\u201d, subray\u00f3 la Gobernadora Delfina G\u00f3mez \u00c1lvarez<\/p>\n<p>Se rehabilitaron las cuatro \u00e1reas de alojamiento canino, un almac\u00e9n y un \u00e1rea para revisi\u00f3n m\u00e9dico-veterinaria para los tres binomios caninos liderados por Marshall, Eureka y Mazap\u00e1n; as\u00ed como dos m\u00e1s que est\u00e1n en entrenamiento.<\/p>\n<p>La mandataria estatal reiter\u00f3 su compromiso con el fortalecimiento del Hospital para el Ni\u00f1o y con una atenci\u00f3n m\u00e9dica digna, profesional y con sentido humano para toda la ni\u00f1ez mexiquense.<\/p>\n<p>&nbsp;<\/p>\n<p>&nbsp;<\/p>\n<p>&nbsp;<\/p>\n<p>&nbsp;<\/p>\n","protected":false},"excerpt":{"rendered":"<p>Anuncia la gobernadora Delfina G\u00f3mez \u00c1lvarez Tambi\u00e9n rehabilita \u00e1rea de Bienestar Canino del SUEM en beneficio del equipo de rescate K9 &nbsp; &nbsp; Toluca, Estado de M\u00e9xico.- La gobernadora Delfina G\u00f3mez \u00c1lvarez encabez\u00f3 la firma de un convenio para ofrecer traslados m\u00e9dicos gratuitos a ni\u00f1as y ni\u00f1os con c\u00e1ncer sin seguridad social en el Estado [&hellip;]<\/p>\n","protected":false},"author":14,"featured_media":673757,"comment_status":"open","ping_status":"open","sticky":false,"template":"","format":"standard","meta":{"_monsterinsights_skip_tracking":false,"_monsterinsights_sitenote_active":false,"_monsterinsights_sitenote_note":"","_monsterinsights_sitenote_category":0,"footnotes":""},"categories":[5],"tags":[],"class_list":["post-673756","post","type-post","status-publish","format-standard","has-post-thumbnail","hentry","category-estado-de-mexico"],"_links":{"self":[{"href":"https:\/\/www.diarioimagen.net\/index.php?rest_route=\/wp\/v2\/posts\/673756","targetHints":{"allow":["GET"]}}],"collection":[{"href":"https:\/\/www.diarioimagen.net\/index.php?rest_route=\/wp\/v2\/posts"}],"about":[{"href":"https:\/\/www.diarioimagen.net\/index.php?rest_route=\/wp\/v2\/types\/post"}],"author":[{"embeddable":true,"href":"https:\/\/www.diarioimagen.net\/index.php?rest_route=\/wp\/v2\/users\/14"}],"replies":[{"embeddable":true,"href":"https:\/\/www.diarioimagen.net\/index.php?rest_route=%2Fwp%2Fv2%2Fcomments&post=673756"}],"version-history":[{"count":1,"href":"https:\/\/www.diarioimagen.net\/index.php?rest_route=\/wp\/v2\/posts\/673756\/revisions"}],"predecessor-version":[{"id":673758,"href":"https:\/\/www.diarioimagen.net\/index.php?rest_route=\/wp\/v2\/posts\/673756\/revisions\/673758"}],"wp:featuredmedia":[{"embeddable":true,"href":"https:\/\/www.diarioimagen.net\/index.php?rest_route=\/wp\/v2\/media\/673757"}],"wp:attachment":[{"href":"https:\/\/www.diarioimagen.net\/index.php?rest_route=%2Fwp%2Fv2%2Fmedia&parent=673756"}],"wp:term":[{"taxonomy":"category","embeddable":true,"href":"https:\/\/www.diarioimagen.net\/index.php?rest_route=%2Fwp%2Fv2%2Fcategories&post=673756"},{"taxonomy":"post_tag","embeddable":true,"href":"https:\/\/www.diarioimagen.net\/index.php?rest_route=%2Fwp%2Fv2%2Ftags&post=673756"}],"curies":[{"name":"wp","href":"https:\/\/api.w.org\/{rel}","templated":true}]}}