{"id":674695,"date":"2025-07-07T19:56:49","date_gmt":"2025-07-08T01:56:49","guid":{"rendered":"https:\/\/www.diarioimagen.net\/?p=674695"},"modified":"2025-07-07T19:56:49","modified_gmt":"2025-07-08T01:56:49","slug":"designan-a-paola-wendoline-nueva-cronista-de-naucalpan","status":"publish","type":"post","link":"https:\/\/www.diarioimagen.net\/?p=674695","title":{"rendered":"Designan a Paola Wendoline\u00a0nueva Cronista de Naucalpan\u00a0"},"content":{"rendered":"<div id=\"attachment_674696\" style=\"width: 432px\" class=\"wp-caption alignnone\"><img loading=\"lazy\" decoding=\"async\" aria-describedby=\"caption-attachment-674696\" class=\"wp-image-674696 size-large\" src=\"https:\/\/www.diarioimagen.net\/wp-content\/uploads\/2025\/07\/BAENA-4-422x270.jpg\" alt=\"\" width=\"422\" height=\"270\" srcset=\"https:\/\/www.diarioimagen.net\/wp-content\/uploads\/2025\/07\/BAENA-4-422x270.jpg 422w, https:\/\/www.diarioimagen.net\/wp-content\/uploads\/2025\/07\/BAENA-4-240x154.jpg 240w, https:\/\/www.diarioimagen.net\/wp-content\/uploads\/2025\/07\/BAENA-4-768x492.jpg 768w, https:\/\/www.diarioimagen.net\/wp-content\/uploads\/2025\/07\/BAENA-4.jpg 1392w\" sizes=\"auto, (max-width: 422px) 100vw, 422px\" \/><p id=\"caption-attachment-674696\" class=\"wp-caption-text\">Designan a Paola Wendoline\u00a0nueva Cronista de Naucalpan<\/p><\/div>\n<p>Naucalpan, M\u00e9x.-\u00a0Luego de 13 a\u00f1os, Naucalpan contar\u00e1, por segunda ocasi\u00f3n, con una Cronista Municipal, Paola Wendoline Garc\u00eda Gonz\u00e1lez, vecina de San Rafael Chamapa, se integra al gabinete paritario del gobierno municipal. Tras la designaci\u00f3n y toma de protesta en Cabildo, se abre nuevamente la oportunidad para que una visi\u00f3n femenina difunda las huellas de desarrollo del municipio. En 2012, Naucalpan tuvo a la primera mujer Cronista Municipal, y hoy, en 2025, en la Vig\u00e9sima Cuarta Sesi\u00f3n Ordinaria de Cabildo, resolutiva trig\u00e9sima primera, se design\u00f3 a Paola Wendoline Garc\u00eda Gonz\u00e1lez como Cronista Municipal para el periodo 2025-2027, siendo la segunda mujer en ocupar este cargo. Garc\u00eda Gonz\u00e1lez es egresada de la licenciatura de Historia, de la Facultad de Estudios Superiores Acatl\u00e1n de la UNAM, es una profesionista interesada en la investigaci\u00f3n y la difusi\u00f3n de los hechos del pasado, cuenta con experiencia profesional en archivos hist\u00f3ricos, investigaci\u00f3n hist\u00f3rica y en docencia.<\/p>\n<p>&nbsp;<\/p>\n<p>&nbsp;<\/p>\n<p>La forma en la que se concedi\u00f3 por unanimidad el cargo a Paola W., fue a trav\u00e9s del voto secreto, durante la sesi\u00f3n, donde las y los ediles le pidieron investigar y difundir la rica historia de Naucalpan a lo largo del tiempo, as\u00ed como su identidad y costumbres.<\/p>\n<p>&nbsp;<\/p>\n<p>En su oportunidad, Paola W. destac\u00f3, \u201cen este momento de transformaci\u00f3n de nuestro municipio, es muy oportuno para encontrar en nuestro pasado inspiraci\u00f3n para que nuestra ciudad cambie y se transforme y para valorar que Naucalpan ha sido muy importante en la historia nacional en el aspecto econ\u00f3mico, pol\u00edtico y social\u201d.<\/p>\n<p>&nbsp;<\/p>\n","protected":false},"excerpt":{"rendered":"<p>Naucalpan, M\u00e9x.-\u00a0Luego de 13 a\u00f1os, Naucalpan contar\u00e1, por segunda ocasi\u00f3n, con una Cronista Municipal, Paola Wendoline Garc\u00eda Gonz\u00e1lez, vecina de San Rafael Chamapa, se integra al gabinete paritario del gobierno municipal. Tras la designaci\u00f3n y toma de protesta en Cabildo, se abre nuevamente la oportunidad para que una visi\u00f3n femenina difunda las huellas de desarrollo [&hellip;]<\/p>\n","protected":false},"author":14,"featured_media":674696,"comment_status":"open","ping_status":"open","sticky":false,"template":"","format":"standard","meta":{"_monsterinsights_skip_tracking":false,"_monsterinsights_sitenote_active":false,"_monsterinsights_sitenote_note":"","_monsterinsights_sitenote_category":0,"footnotes":""},"categories":[5],"tags":[],"class_list":["post-674695","post","type-post","status-publish","format-standard","has-post-thumbnail","hentry","category-estado-de-mexico"],"_links":{"self":[{"href":"https:\/\/www.diarioimagen.net\/index.php?rest_route=\/wp\/v2\/posts\/674695","targetHints":{"allow":["GET"]}}],"collection":[{"href":"https:\/\/www.diarioimagen.net\/index.php?rest_route=\/wp\/v2\/posts"}],"about":[{"href":"https:\/\/www.diarioimagen.net\/index.php?rest_route=\/wp\/v2\/types\/post"}],"author":[{"embeddable":true,"href":"https:\/\/www.diarioimagen.net\/index.php?rest_route=\/wp\/v2\/users\/14"}],"replies":[{"embeddable":true,"href":"https:\/\/www.diarioimagen.net\/index.php?rest_route=%2Fwp%2Fv2%2Fcomments&post=674695"}],"version-history":[{"count":1,"href":"https:\/\/www.diarioimagen.net\/index.php?rest_route=\/wp\/v2\/posts\/674695\/revisions"}],"predecessor-version":[{"id":674697,"href":"https:\/\/www.diarioimagen.net\/index.php?rest_route=\/wp\/v2\/posts\/674695\/revisions\/674697"}],"wp:featuredmedia":[{"embeddable":true,"href":"https:\/\/www.diarioimagen.net\/index.php?rest_route=\/wp\/v2\/media\/674696"}],"wp:attachment":[{"href":"https:\/\/www.diarioimagen.net\/index.php?rest_route=%2Fwp%2Fv2%2Fmedia&parent=674695"}],"wp:term":[{"taxonomy":"category","embeddable":true,"href":"https:\/\/www.diarioimagen.net\/index.php?rest_route=%2Fwp%2Fv2%2Fcategories&post=674695"},{"taxonomy":"post_tag","embeddable":true,"href":"https:\/\/www.diarioimagen.net\/index.php?rest_route=%2Fwp%2Fv2%2Ftags&post=674695"}],"curies":[{"name":"wp","href":"https:\/\/api.w.org\/{rel}","templated":true}]}}