{"id":675479,"date":"2025-07-13T22:01:53","date_gmt":"2025-07-14T04:01:53","guid":{"rendered":"https:\/\/www.diarioimagen.net\/?p=675479"},"modified":"2025-07-13T22:01:53","modified_gmt":"2025-07-14T04:01:53","slug":"aplauden-transportistas-la-propuesta-para-ampliar-autopista-en-tepotzotlan","status":"publish","type":"post","link":"https:\/\/www.diarioimagen.net\/?p=675479","title":{"rendered":"Aplauden transportistas la propuesta  para ampliar autopista en Tepotzotl\u00e1n"},"content":{"rendered":"<ul>\n<li><strong>Reubicaci\u00f3n de la caseta de peaje<\/strong><\/li>\n<\/ul>\n<div id=\"attachment_675480\" style=\"width: 418px\" class=\"wp-caption alignnone\"><img loading=\"lazy\" decoding=\"async\" aria-describedby=\"caption-attachment-675480\" class=\"wp-image-675480 size-large\" src=\"https:\/\/www.diarioimagen.net\/wp-content\/uploads\/2025\/07\/BAENA1-ok-1-408x270.jpg\" alt=\"\" width=\"408\" height=\"270\" srcset=\"https:\/\/www.diarioimagen.net\/wp-content\/uploads\/2025\/07\/BAENA1-ok-1-408x270.jpg 408w, https:\/\/www.diarioimagen.net\/wp-content\/uploads\/2025\/07\/BAENA1-ok-1-240x159.jpg 240w, https:\/\/www.diarioimagen.net\/wp-content\/uploads\/2025\/07\/BAENA1-ok-1-768x508.jpg 768w, https:\/\/www.diarioimagen.net\/wp-content\/uploads\/2025\/07\/BAENA1-ok-1.jpg 1500w\" sizes=\"auto, (max-width: 408px) 100vw, 408px\" \/><p id=\"caption-attachment-675480\" class=\"wp-caption-text\">Transportistas aplaudieron la iniciativa de reubicar la caseta de peaje de la autopista M\u00e9xico-Quer\u00e9taro, de Tepotzotl\u00e1n hasta Jorobas, para que los usuarios paguen un peaje acorde al tramo recorrido y crear un camino alterno.<\/p><\/div>\n<p>&nbsp;<\/p>\n<p>&nbsp;<\/p>\n<p>Valle de M\u00e9xico.- Diversos sectores de la sociedad, entre ellos transportistas, aplaudieron la iniciativa de reubicar la caseta de peaje de la autopista M\u00e9xico-Quer\u00e9taro, de Tepotzotl\u00e1n hasta Jorobas, que los usuarios paguen un peaje acorde al tramo recorrido y crear un camino alterno para que el transporte pesado llegue a los centros log\u00edsticos.<\/p>\n<p>&nbsp;<\/p>\n<p>El diputado Pedro Zenteno, de Morena destac\u00f3\u00a0 que este a\u00f1o solicit\u00f3 una audiencia con el titular de la Secretar\u00eda de Infraestructura, Comunicaciones y Transportes (SICT), Jes\u00fas Antonio Esteva Medina, para exponer la problem\u00e1tica que cientos de pobladores viven en las inmediaciones de la plaza de cobro de Tepotzotl\u00e1n, y que vecinos, por escrito, solicitan su intervenci\u00f3n como legislador.<\/p>\n<p>&nbsp;<\/p>\n<p>Indic\u00f3 que la audiencia fue solicitada el 26 de febrero de este a\u00f1o y a\u00fan espera respuesta de la SICT. En tanto, insisti\u00f3 que es fundamental dar respuesta a las inquietudes de los ciudadanos de Tepotzotl\u00e1n, Teoloyucan, Coyotepec, Huehuetoca, Villa del Carb\u00f3n y toda la regi\u00f3n, que diariamente sufren fuertes congestionamientos por carga vehicular que se genera en la autopista M\u00e9xico-Quer\u00e9taro, especialmente en la caseta de cobro de Tepotzotl\u00e1n.<\/p>\n<p>&nbsp;<\/p>\n<p>En ese sentido, transportistas del Valle df M\u00e9xico, aseguraron que \u00bb la propuesta del diputado vendr\u00eda a resolver muchos problemas que beneficiar\u00e1n a millones de mexiquenses\u00bb, dijeron<\/p>\n<p>&nbsp;<\/p>\n<p>Pedro Zenteno proporcion\u00f3 copias de los oficios promovidos para atender la propuesta. En uno de ellos, colonos de Tepotzotl\u00e1n piden su mediaci\u00f3n para que promueva una iniciativa para que la caseta se recorra hasta Jorobas, en el per\u00edmetro de Huehuetoca, con la intenci\u00f3n de dar soluci\u00f3n al \u201ccuello de botella\u201d que afecta la circulaci\u00f3n hacia Quer\u00e9taro y hacia Puente Grande \u2013rumbo a Teoloyuc\u00e1n-, donde cada d\u00eda se construyen m\u00e1s patios para uso de tr\u00e1ileres.<\/p>\n<p>&nbsp;<\/p>\n<p>&nbsp;<\/p>\n<p>&nbsp;<\/p>\n","protected":false},"excerpt":{"rendered":"<p>Reubicaci\u00f3n de la caseta de peaje &nbsp; &nbsp; Valle de M\u00e9xico.- Diversos sectores de la sociedad, entre ellos transportistas, aplaudieron la iniciativa de reubicar la caseta de peaje de la autopista M\u00e9xico-Quer\u00e9taro, de Tepotzotl\u00e1n hasta Jorobas, que los usuarios paguen un peaje acorde al tramo recorrido y crear un camino alterno para que el transporte [&hellip;]<\/p>\n","protected":false},"author":14,"featured_media":675480,"comment_status":"open","ping_status":"open","sticky":false,"template":"","format":"standard","meta":{"_monsterinsights_skip_tracking":false,"_monsterinsights_sitenote_active":false,"_monsterinsights_sitenote_note":"","_monsterinsights_sitenote_category":0,"footnotes":""},"categories":[5],"tags":[],"class_list":["post-675479","post","type-post","status-publish","format-standard","has-post-thumbnail","hentry","category-estado-de-mexico"],"_links":{"self":[{"href":"https:\/\/www.diarioimagen.net\/index.php?rest_route=\/wp\/v2\/posts\/675479","targetHints":{"allow":["GET"]}}],"collection":[{"href":"https:\/\/www.diarioimagen.net\/index.php?rest_route=\/wp\/v2\/posts"}],"about":[{"href":"https:\/\/www.diarioimagen.net\/index.php?rest_route=\/wp\/v2\/types\/post"}],"author":[{"embeddable":true,"href":"https:\/\/www.diarioimagen.net\/index.php?rest_route=\/wp\/v2\/users\/14"}],"replies":[{"embeddable":true,"href":"https:\/\/www.diarioimagen.net\/index.php?rest_route=%2Fwp%2Fv2%2Fcomments&post=675479"}],"version-history":[{"count":1,"href":"https:\/\/www.diarioimagen.net\/index.php?rest_route=\/wp\/v2\/posts\/675479\/revisions"}],"predecessor-version":[{"id":675481,"href":"https:\/\/www.diarioimagen.net\/index.php?rest_route=\/wp\/v2\/posts\/675479\/revisions\/675481"}],"wp:featuredmedia":[{"embeddable":true,"href":"https:\/\/www.diarioimagen.net\/index.php?rest_route=\/wp\/v2\/media\/675480"}],"wp:attachment":[{"href":"https:\/\/www.diarioimagen.net\/index.php?rest_route=%2Fwp%2Fv2%2Fmedia&parent=675479"}],"wp:term":[{"taxonomy":"category","embeddable":true,"href":"https:\/\/www.diarioimagen.net\/index.php?rest_route=%2Fwp%2Fv2%2Fcategories&post=675479"},{"taxonomy":"post_tag","embeddable":true,"href":"https:\/\/www.diarioimagen.net\/index.php?rest_route=%2Fwp%2Fv2%2Ftags&post=675479"}],"curies":[{"name":"wp","href":"https:\/\/api.w.org\/{rel}","templated":true}]}}