{"id":676921,"date":"2025-07-22T21:25:55","date_gmt":"2025-07-23T03:25:55","guid":{"rendered":"https:\/\/www.diarioimagen.net\/?p=676921"},"modified":"2025-07-22T21:25:55","modified_gmt":"2025-07-23T03:25:55","slug":"anuncia-la-sict-acciones-de-seguridad-en-carreteras-federales-con-prevencion-y-atencion-inmediata","status":"publish","type":"post","link":"https:\/\/www.diarioimagen.net\/?p=676921","title":{"rendered":"Anuncia la SICT acciones  de seguridad en carreteras  federales, con prevenci\u00f3n  y atenci\u00f3n inmediata"},"content":{"rendered":"<ul>\n<li><strong>Inversi\u00f3n cercana a los mil mdp en este a\u00f1o<\/strong><\/li>\n<li><strong>Estrategia concentrada en las v\u00edas donde circula el mayor n\u00famero de transporte de carga<\/strong><\/li>\n<\/ul>\n<p><img loading=\"lazy\" decoding=\"async\" class=\"alignnone wp-image-676911 size-large\" src=\"https:\/\/www.diarioimagen.net\/wp-content\/uploads\/2025\/07\/SICT-ok-3-376x270.jpg\" alt=\"\" width=\"376\" height=\"270\" srcset=\"https:\/\/www.diarioimagen.net\/wp-content\/uploads\/2025\/07\/SICT-ok-3-376x270.jpg 376w, https:\/\/www.diarioimagen.net\/wp-content\/uploads\/2025\/07\/SICT-ok-3-240x172.jpg 240w, https:\/\/www.diarioimagen.net\/wp-content\/uploads\/2025\/07\/SICT-ok-3-768x551.jpg 768w, https:\/\/www.diarioimagen.net\/wp-content\/uploads\/2025\/07\/SICT-ok-3-90x65.jpg 90w, https:\/\/www.diarioimagen.net\/wp-content\/uploads\/2025\/07\/SICT-ok-3.jpg 1500w\" sizes=\"auto, (max-width: 376px) 100vw, 376px\" \/><\/p>\n<p>El secretario de Infraestructura, Comunicaciones y Transportes (SICT), Jes\u00fas Antonio Esteva Medina, inform\u00f3 sobre la estrategia de seguridad en carreteras federales por donde circula el mayor n\u00famero de transporte de carga, a trav\u00e9s de cierres de accesos irregulares, instalaci\u00f3n de arcos din\u00e1micos, modernizaci\u00f3n de infraestructura y paradores integrales.<\/p>\n<p>&nbsp;<\/p>\n<p>En conferencia de prensa que encabez\u00f3 la Presidenta Claudia Sheinbaum Pardo, destac\u00f3 Acciones de Seguridad en Carreteras, en las que s\u00f3lo en la implementaci\u00f3n de los paradores integrales la inversi\u00f3n ser\u00e1 cercana a los mil millones de pesos este a\u00f1o.<\/p>\n<p>&nbsp;<\/p>\n<p>Hizo referencia a la publicaci\u00f3n en el Diario Oficial de la Federaci\u00f3n (DOF) de lineamientos para formalizar 13 paradores ya existentes y el arranque de 10 m\u00e1s durante 2025, mediante inversi\u00f3n mixta, para que operadores de tr\u00e1iler puedan contar con los servicios que requieren.<\/p>\n<p>&nbsp;<\/p>\n<p>\u201cCon ellos se tienen controles de acceso y seguridad, estacionamientos, servicios, \u00e1reas de descanso y esparcimiento, \u00e1reas m\u00e9dicas y zonas de alimentos\u201d, detall\u00f3.<\/p>\n<p>&nbsp;<\/p>\n<p>Dijo que entre 2025 y 2030 se construir\u00e1n al menos 30 paradores integrales m\u00e1s en la Red Federal de Carreteras para uso de conductores de tr\u00e1iler.<\/p>\n<p>&nbsp;<\/p>\n<p>La idea es desaparecer las conocidas \u201ccachimbas\u201d (\u00e1reas de descanso improvisados), y \u201ctener paradores seguros donde puedan contar con los servicios que requieren los operadores de tr\u00e1iler\u201d.<\/p>\n<p>&nbsp;<\/p>\n<p>Al abundar sobre las acciones que la SICT implementa en carreteras por instrucciones de la Presidenta, el secretario se\u00f1al\u00f3 que se tienen detectados 118 accesos irregulares en las carreteras M\u00e9xico-Quer\u00e9taro y en la M\u00e9xico-Puebla y se han atendido 17.<\/p>\n<p>&nbsp;<\/p>\n<p>A\u00f1adi\u00f3 que en la M\u00e9xico-Quer\u00e9taro, entre Tepalcapa y Palmillas, hay 41 accesos irregulares, nueve ya fueron cerrados durante julio, y 32 est\u00e1n por delimitarse. Entre Palmillas y Quer\u00e9taro se han detectado 39 accesos irregulares, seis se cerraron en julio y 33 en proceso.<\/p>\n<p>&nbsp;<\/p>\n<p>Explic\u00f3 que los trabajos consisten en confinar salidas con la colocaci\u00f3n de dovelas de concreto, abriendo zanjas para construir muros de mamposter\u00eda.<\/p>\n<p>&nbsp;<\/p>\n<p>En la M\u00e9xico-Puebla se tienen detectados 38 accesos irregulares, dos cerrados durante julio y 36 en proceso. En la actualidad se trabaja en crear la zanja, construir las cimentaciones y muros de mamposter\u00eda en distancias extensas para confinar la zona a trav\u00e9s de dovelas de concreto.<\/p>\n<p>&nbsp;<\/p>\n<p>Destac\u00f3 la instalaci\u00f3n de arcos din\u00e1micos, a trav\u00e9s de equipos que permiten el reconocimiento de placas, asimismo cuentan con sensores de dimensiones, b\u00e1sculas de pesaje y radares de velocidad. \u201cEsto, adem\u00e1s de incrementar la seguridad en las carreteras, tambi\u00e9n nos da la prevenci\u00f3n de accidentes y la regulaci\u00f3n del autotransporte\u201d.<\/p>\n<p>&nbsp;<\/p>\n<p>La medida es parte del reforzamiento a los operativos que lleva a cabo Guardia Nacional y la Secretar\u00eda de Infraestructura, Comunicaciones y Transportes. Abund\u00f3 que los arcos din\u00e1micos se instalar\u00e1n en 12 puntos estrat\u00e9gicos en carreteras del pa\u00eds, en espec\u00edfico donde se llevan a cabo los operativos de seguridad, como es en la de Quer\u00e9taro y Puebla.<\/p>\n<p>&nbsp;<\/p>\n<p>\u201cAdem\u00e1s, tenemos ubicados los Ejes Troncales principales del pa\u00eds donde corre la mayor parte de la carga y ah\u00ed estamos tambi\u00e9n instal\u00e1ndolos\u201d. Entre ellos se encuentran carreteras del Estado de M\u00e9xico, Baja California, Veracruz, Tamaulipas, Guanajuato y Sinaloa.<\/p>\n<p>&nbsp;<\/p>\n<p>Respecto a la modernizaci\u00f3n de infraestructura, Esteva Medina dijo que desde CAPUFE se cuenta con 2 mil 142 dispositivos de detecci\u00f3n con c\u00e1maras panor\u00e1micas, c\u00e1maras de carril y c\u00e1maras de cabina de casetas.<\/p>\n<p>&nbsp;<\/p>\n<p>Se cuenta con 155 trabajadores laborando todos los d\u00edas del a\u00f1o con monitoreo las 24 horas. \u201cDurante esta administraci\u00f3n se estar\u00e1 duplicando esta infraestructura\u201d.<\/p>\n<p>&nbsp;<\/p>\n<p>&nbsp;<\/p>\n<p>&nbsp;<\/p>\n","protected":false},"excerpt":{"rendered":"<p>Inversi\u00f3n cercana a los mil mdp en este a\u00f1o Estrategia concentrada en las v\u00edas donde circula el mayor n\u00famero de transporte de carga El secretario de Infraestructura, Comunicaciones y Transportes (SICT), Jes\u00fas Antonio Esteva Medina, inform\u00f3 sobre la estrategia de seguridad en carreteras federales por donde circula el mayor n\u00famero de transporte de carga, a [&hellip;]<\/p>\n","protected":false},"author":14,"featured_media":676911,"comment_status":"open","ping_status":"open","sticky":false,"template":"","format":"standard","meta":{"_monsterinsights_skip_tracking":false,"_monsterinsights_sitenote_active":false,"_monsterinsights_sitenote_note":"","_monsterinsights_sitenote_category":0,"footnotes":""},"categories":[3],"tags":[],"class_list":["post-676921","post","type-post","status-publish","format-standard","has-post-thumbnail","hentry","category-nacional"],"_links":{"self":[{"href":"https:\/\/www.diarioimagen.net\/index.php?rest_route=\/wp\/v2\/posts\/676921","targetHints":{"allow":["GET"]}}],"collection":[{"href":"https:\/\/www.diarioimagen.net\/index.php?rest_route=\/wp\/v2\/posts"}],"about":[{"href":"https:\/\/www.diarioimagen.net\/index.php?rest_route=\/wp\/v2\/types\/post"}],"author":[{"embeddable":true,"href":"https:\/\/www.diarioimagen.net\/index.php?rest_route=\/wp\/v2\/users\/14"}],"replies":[{"embeddable":true,"href":"https:\/\/www.diarioimagen.net\/index.php?rest_route=%2Fwp%2Fv2%2Fcomments&post=676921"}],"version-history":[{"count":1,"href":"https:\/\/www.diarioimagen.net\/index.php?rest_route=\/wp\/v2\/posts\/676921\/revisions"}],"predecessor-version":[{"id":676922,"href":"https:\/\/www.diarioimagen.net\/index.php?rest_route=\/wp\/v2\/posts\/676921\/revisions\/676922"}],"wp:featuredmedia":[{"embeddable":true,"href":"https:\/\/www.diarioimagen.net\/index.php?rest_route=\/wp\/v2\/media\/676911"}],"wp:attachment":[{"href":"https:\/\/www.diarioimagen.net\/index.php?rest_route=%2Fwp%2Fv2%2Fmedia&parent=676921"}],"wp:term":[{"taxonomy":"category","embeddable":true,"href":"https:\/\/www.diarioimagen.net\/index.php?rest_route=%2Fwp%2Fv2%2Fcategories&post=676921"},{"taxonomy":"post_tag","embeddable":true,"href":"https:\/\/www.diarioimagen.net\/index.php?rest_route=%2Fwp%2Fv2%2Ftags&post=676921"}],"curies":[{"name":"wp","href":"https:\/\/api.w.org\/{rel}","templated":true}]}}