{"id":677634,"date":"2025-07-28T21:02:23","date_gmt":"2025-07-29T03:02:23","guid":{"rendered":"https:\/\/www.diarioimagen.net\/?p=677634"},"modified":"2025-07-28T21:02:23","modified_gmt":"2025-07-29T03:02:23","slug":"estudiantes-mexiquenses-disenan-moto-electrica-y-ya-se-vende","status":"publish","type":"post","link":"https:\/\/www.diarioimagen.net\/?p=677634","title":{"rendered":"Estudiantes mexiquenses dise\u00f1an moto el\u00e9ctrica y ya se vende"},"content":{"rendered":"<ul>\n<li><strong>Del Tecnol\u00f3gico de Estudios Superiores de Jocotitl\u00e1n<\/strong><\/li>\n<\/ul>\n<p><strong>\u00a0<\/strong><\/p>\n<div id=\"attachment_677635\" style=\"width: 415px\" class=\"wp-caption alignnone\"><img loading=\"lazy\" decoding=\"async\" aria-describedby=\"caption-attachment-677635\" class=\"wp-image-677635 size-large\" src=\"https:\/\/www.diarioimagen.net\/wp-content\/uploads\/2025\/07\/EDOMEX2-ok-1-405x270.jpg\" alt=\"\" width=\"405\" height=\"270\" srcset=\"https:\/\/www.diarioimagen.net\/wp-content\/uploads\/2025\/07\/EDOMEX2-ok-1-405x270.jpg 405w, https:\/\/www.diarioimagen.net\/wp-content\/uploads\/2025\/07\/EDOMEX2-ok-1-240x160.jpg 240w, https:\/\/www.diarioimagen.net\/wp-content\/uploads\/2025\/07\/EDOMEX2-ok-1-768x512.jpg 768w, https:\/\/www.diarioimagen.net\/wp-content\/uploads\/2025\/07\/EDOMEX2-ok-1.jpg 1500w\" sizes=\"auto, (max-width: 405px) 100vw, 405px\" \/><p id=\"caption-attachment-677635\" class=\"wp-caption-text\">Participan 22 estudiantes de ingenier\u00eda del Tecnol\u00f3gico de Estudios Superiores de Jocotitl\u00e1n en un proyecto de electromovilidad que posiciona a la instituci\u00f3n como referente nacional.<\/p><\/div>\n<p>&nbsp;<\/p>\n<p>&nbsp;<\/p>\n<p>Jocotitl\u00e1n, Estado de M\u00e9xico.\u2013 Estudiantes del Tecnol\u00f3gico de Estudios Superiores de Jocotitl\u00e1n (TESJo) desarrollaron un prototipo de motocicleta el\u00e9ctrica, el primero en su tipo creado por talento mexiquense que ya se encuentra en fase de comercializaci\u00f3n. Este logro refuerza la posici\u00f3n del TESJo como una instituci\u00f3n l\u00edder en innovaci\u00f3n tecnol\u00f3gica a nivel nacional.<\/p>\n<p>El proyecto fue realizado por 22 estudiantes de las carreras de Ingenier\u00eda Electromec\u00e1nica, Mecatr\u00f3nica y Sistemas Computacionales, bajo la gu\u00eda de ocho docentes, en colaboraci\u00f3n con la empresa IUSA.<\/p>\n<p>La iniciativa se enmarca en las acciones promovidas por la Gobernadora Delfina G\u00f3mez \u00c1lvarez, a trav\u00e9s de la Secretar\u00eda de Educaci\u00f3n, Ciencia, Tecnolog\u00eda e Innovaci\u00f3n (SECTI), encabezada por Miguel \u00c1ngel Hern\u00e1ndez Espejel.<\/p>\n<p>\u201cEl proyecto naci\u00f3 hace aproximadamente dos a\u00f1os, derivado de una vinculaci\u00f3n con la empresa IUSA, que ten\u00eda el inter\u00e9s de desarrollar una motocicleta el\u00e9ctrica. A partir de ah\u00ed, estudiantes y docentes del TESJo lograron no s\u00f3lo dise\u00f1ar un prototipo, sino llevarlo a una versi\u00f3n comercial que hoy ya est\u00e1 disponible en el mercado\u201d, destac\u00f3 Alejandro Benjam\u00edn Carmona Prantl, Director General del TESJo.<\/p>\n<p>Los estudiantes desempe\u00f1aron roles clave en diversas \u00e1reas del desarrollo. Danna Paola Becerril Roque trabaj\u00f3 en la optimizaci\u00f3n estructural del chasis, mientras que Rub\u00e9n \u00c1ngel Gonz\u00e1lez Huitr\u00f3n colabor\u00f3 en la modelaci\u00f3n 3D y conexiones de soldadura. Por su parte, Marco David Serrano S\u00e1nchez se encarg\u00f3 del dise\u00f1o del sistema de bater\u00eda y cargador.<\/p>\n<p>Actualmente, el TESJo cuenta con una matr\u00edcula superior a los cinco mil estudiantes y 12 programas acad\u00e9micos, todos acreditados, entre ellos tres con doble certificaci\u00f3n: nacional e internacional.<\/p>\n<p>Adem\u00e1s, destaca por su laboratorio de electromovilidad, el cual ha logrado transferir tecnolog\u00eda al mercado, consolidando su compromiso con la formaci\u00f3n integral de ingenieros altamente capacitados.<\/p>\n<p>El titular de la SECTI subray\u00f3 que este tipo de proyectos representa el modelo educativo impulsado por la Nueva Escuela Mexicana, al fomentar el aprendizaje pr\u00e1ctico y fortalecer el perfil profesional de los estudiantes, prepar\u00e1ndolos para continuar con estudios de posgrado o incorporarse a industrias de alta tecnolog\u00eda.<\/p>\n<p>En el proceso de acompa\u00f1amiento, el profesor Luis Antonio Mier Quiroga, especialista en Rob\u00f3tica, Microcontroladores y Aut\u00f3matas Programables, se\u00f1al\u00f3 que el enfoque de la asesor\u00eda fue tanto t\u00e9cnico como metodol\u00f3gico, permitiendo a los estudiantes desarrollar habilidades de investigaci\u00f3n aplicada y resolver problem\u00e1ticas reales de la industria.<\/p>\n<p>Finalmente, se inform\u00f3 que en el TESJo se llev\u00f3 a cabo una reuni\u00f3n con 20 expertos en ingenier\u00eda para analizar y definir los contenidos curriculares de la nueva carrera en Ingenier\u00eda en Electromovilidad, que pr\u00f3ximamente ser\u00e1 impartida en instituciones de educaci\u00f3n superior del Estado de M\u00e9xico.<\/p>\n<p><strong>\u00a0<\/strong><\/p>\n<p>&nbsp;<\/p>\n","protected":false},"excerpt":{"rendered":"<p>Del Tecnol\u00f3gico de Estudios Superiores de Jocotitl\u00e1n \u00a0 &nbsp; &nbsp; Jocotitl\u00e1n, Estado de M\u00e9xico.\u2013 Estudiantes del Tecnol\u00f3gico de Estudios Superiores de Jocotitl\u00e1n (TESJo) desarrollaron un prototipo de motocicleta el\u00e9ctrica, el primero en su tipo creado por talento mexiquense que ya se encuentra en fase de comercializaci\u00f3n. Este logro refuerza la posici\u00f3n del TESJo como una [&hellip;]<\/p>\n","protected":false},"author":14,"featured_media":677635,"comment_status":"open","ping_status":"open","sticky":false,"template":"","format":"standard","meta":{"_monsterinsights_skip_tracking":false,"_monsterinsights_sitenote_active":false,"_monsterinsights_sitenote_note":"","_monsterinsights_sitenote_category":0,"footnotes":""},"categories":[5],"tags":[],"class_list":["post-677634","post","type-post","status-publish","format-standard","has-post-thumbnail","hentry","category-estado-de-mexico"],"_links":{"self":[{"href":"https:\/\/www.diarioimagen.net\/index.php?rest_route=\/wp\/v2\/posts\/677634","targetHints":{"allow":["GET"]}}],"collection":[{"href":"https:\/\/www.diarioimagen.net\/index.php?rest_route=\/wp\/v2\/posts"}],"about":[{"href":"https:\/\/www.diarioimagen.net\/index.php?rest_route=\/wp\/v2\/types\/post"}],"author":[{"embeddable":true,"href":"https:\/\/www.diarioimagen.net\/index.php?rest_route=\/wp\/v2\/users\/14"}],"replies":[{"embeddable":true,"href":"https:\/\/www.diarioimagen.net\/index.php?rest_route=%2Fwp%2Fv2%2Fcomments&post=677634"}],"version-history":[{"count":1,"href":"https:\/\/www.diarioimagen.net\/index.php?rest_route=\/wp\/v2\/posts\/677634\/revisions"}],"predecessor-version":[{"id":677636,"href":"https:\/\/www.diarioimagen.net\/index.php?rest_route=\/wp\/v2\/posts\/677634\/revisions\/677636"}],"wp:featuredmedia":[{"embeddable":true,"href":"https:\/\/www.diarioimagen.net\/index.php?rest_route=\/wp\/v2\/media\/677635"}],"wp:attachment":[{"href":"https:\/\/www.diarioimagen.net\/index.php?rest_route=%2Fwp%2Fv2%2Fmedia&parent=677634"}],"wp:term":[{"taxonomy":"category","embeddable":true,"href":"https:\/\/www.diarioimagen.net\/index.php?rest_route=%2Fwp%2Fv2%2Fcategories&post=677634"},{"taxonomy":"post_tag","embeddable":true,"href":"https:\/\/www.diarioimagen.net\/index.php?rest_route=%2Fwp%2Fv2%2Ftags&post=677634"}],"curies":[{"name":"wp","href":"https:\/\/api.w.org\/{rel}","templated":true}]}}