{"id":678198,"date":"2025-07-31T21:30:51","date_gmt":"2025-08-01T03:30:51","guid":{"rendered":"https:\/\/www.diarioimagen.net\/?p=678198"},"modified":"2025-07-31T21:30:51","modified_gmt":"2025-08-01T03:30:51","slug":"suscriben-imss-y-natura-convenio-para-impulsar-la-afiliacion-de-personas-trabajadoras-independientes","status":"publish","type":"post","link":"https:\/\/www.diarioimagen.net\/?p=678198","title":{"rendered":"Suscriben IMSS y Natura  convenio para impulsar  la afiliaci\u00f3n de personas  trabajadoras independientes"},"content":{"rendered":"<ul>\n<li><strong>Promueven cultura de la seguridad social<\/strong><\/li>\n<li><strong>M\u00e1s de mil 700 colaboradores de Natura tendr\u00e1n acceso a los cinco seguros de R\u00e9gimen Obligatorio y dem\u00e1s prestaciones <\/strong><\/li>\n<\/ul>\n<p><img loading=\"lazy\" decoding=\"async\" class=\"alignnone wp-image-678199 size-large\" src=\"https:\/\/www.diarioimagen.net\/wp-content\/uploads\/2025\/07\/IMSS-ok-15-414x270.jpg\" alt=\"\" width=\"414\" height=\"270\" srcset=\"https:\/\/www.diarioimagen.net\/wp-content\/uploads\/2025\/07\/IMSS-ok-15-414x270.jpg 414w, https:\/\/www.diarioimagen.net\/wp-content\/uploads\/2025\/07\/IMSS-ok-15-240x156.jpg 240w, https:\/\/www.diarioimagen.net\/wp-content\/uploads\/2025\/07\/IMSS-ok-15-768x501.jpg 768w, https:\/\/www.diarioimagen.net\/wp-content\/uploads\/2025\/07\/IMSS-ok-15.jpg 1500w\" sizes=\"auto, (max-width: 414px) 100vw, 414px\" \/><\/p>\n<p>&nbsp;<\/p>\n<p>&nbsp;<\/p>\n<p>El Instituto Mexicano del Seguro Social (IMSS), a trav\u00e9s de la Direcci\u00f3n de Incorporaci\u00f3n y Recaudaci\u00f3n (DIR), firm\u00f3 un Convenio de Colaboraci\u00f3n con la empresa Natura Cosm\u00e9ticos M\u00e9xico S.A. de C.V., para promover la cultura de la seguridad social e impulsar la incorporaci\u00f3n voluntaria al R\u00e9gimen Obligatorio de personas trabajadoras independientes vinculadas a la consultor\u00eda de belleza.<\/p>\n<p>El director general del IMSS, Zo\u00e9 Robledo, la directora de Incorporaci\u00f3n y Recaudaci\u00f3n del Seguro Social, Luisa Obrador Garrido Cuesta, y la directora jur\u00eddica de Natura, Mar\u00eda Esther Rodr\u00edguez Covarrubias, firmaron el acuerdo que busca acciones conjuntas que permitan, a quienes se dedican a esta actividad de forma independiente, acceder a los beneficios y protecci\u00f3n que ofrece el Seguro Social, como servicios m\u00e9dicos, pensi\u00f3n, seguro por riesgos de trabajo, guarder\u00edas y otras prestaciones establecidas en la Ley del Seguro Social.<\/p>\n<p>Durante el acto, celebrado en el Sal\u00f3n de Sesiones del H. Consejo T\u00e9cnico del IMSS, el director general, Zo\u00e9 Robledo, subray\u00f3 que esta incorporaci\u00f3n es un paso m\u00e1s en el reconocimiento de modalidades laborales no tradicionales que durante a\u00f1os han permanecido sin acceso a derechos fundamentales.<\/p>\n<p>\u00abAs\u00ed como en su momento lo hicimos con trabajadoras del hogar y personas que laboran en plataformas digitales, hoy avanzamos en el reconocimiento de las consultoras de Natura, mujeres emprendedoras que han aportado, no solo a la econom\u00eda familiar, sino tambi\u00e9n al desarrollo del pa\u00eds\u00bb, expres\u00f3.<\/p>\n<p>Abund\u00f3 que a partir de este acuerdo las trabajadoras de Natura podr\u00e1n acceder a las prestaciones que otorga el R\u00e9gimen Obligatorio del IMSS, que adem\u00e1s de atenci\u00f3n m\u00e9dica, incluye incapacidades, guarder\u00edas y el derecho a cotizar para una pensi\u00f3n digna. Adem\u00e1s, estos beneficios se extienden a sus parejas, hijas e hijos menores de 16 a\u00f1os y a padres en condici\u00f3n de dependencia econ\u00f3mica.<\/p>\n<p>\u00abEste nuevo esquema no empieza desde cero. Las semanas cotizadas previamente en otros trabajos formales podr\u00e1n ser reconocidas, lo que facilita el acceso a una futura pensi\u00f3n\u00bb, a\u00f1adi\u00f3.<\/p>\n<p>Zo\u00e9 Robledo destac\u00f3 el compromiso de la Presidenta Claudia Sheinbaum Pardo con el bienestar de las mujeres, incluyendo la reciente medida de reducci\u00f3n progresiva de la edad de su jubilaci\u00f3n hasta llegar a los 60 a\u00f1os, \u00e9sto en reconocimiento a su labor en el \u00e1mbito del cuidado familiar.<\/p>\n<p>Tambi\u00e9n pidi\u00f3 distribuir entre las consultoras de Natura la Cartilla de Derechos de las Mujeres, para que ejerzan plenamente su derecho a un trabajo digno, con igualdad salarial y seguridad social.<\/p>\n<p>Por su parte, la titular de la DIR, Luisa Obrador Garrido Cuesta, celebr\u00f3 la firma del convenio por ser una acci\u00f3n concreta para crear la cultura de la seguridad social a quienes trabajan bajo esquemas no tradicionales y que permitir\u00e1 incorporar a m\u00e1s de mil 700 hombres, mujeres y colaboradores de Natura que laboran bajo un modelo de suministro y venta.<\/p>\n<p>Resalt\u00f3 que a partir del primero de agosto, las personas beneficiarias tendr\u00e1n acceso a los cinco seguros del R\u00e9gimen Obligatorio del IMSS que contempla: Atenci\u00f3n M\u00e9dica, Riesgos de Trabajo, Invalidez y Vida, Retiro y Cesant\u00eda en Edad Avanzada, as\u00ed como guarder\u00edas y prestaciones sociales. \u201cEsta acci\u00f3n representa un paso firme para la formalizaci\u00f3n y la universalizaci\u00f3n de la seguridad social, alineada con el mandato de justicia y bienestar del gobierno de M\u00e9xico\u201d.<\/p>\n<p>En su mensaje virtual, el gerente general de Natura Cosm\u00e9ticos M\u00e9xico S.A., Francisco Javier Demesa Rodr\u00edguez, afirm\u00f3 que, a partir de la firma de este convenio, se brindar\u00e1n nuevas oportunidades de desarrollo a las consultoras y consultores de Natura en todo el pa\u00eds.<\/p>\n<p>A su vez, la Consultora de Belleza Natura, Silvia Olea Bernal, agradeci\u00f3 a nombre de sus compa\u00f1eras el beneficio, seguridad y acompa\u00f1amiento otorgado por las autoridades para poder contar con un negocio seguro.<\/p>\n<p>&nbsp;<\/p>\n<p>Antecedentes de la Firma de Convenio de Incorporaci\u00f3n Voluntaria al R\u00e9gimen Obligatorio<\/p>\n<p>Durante m\u00e1s de cinco d\u00e9cadas, el Instituto Mexicano del Seguro Social (IMSS) y Avon han mantenido una colaboraci\u00f3n ejemplar que ha permitido a miles de representantes de ventas acceder voluntariamente al R\u00e9gimen Obligatorio del Seguro Social.<\/p>\n<p>Esta relaci\u00f3n inici\u00f3 en 1972 con la firma de un convenio que reconoc\u00eda a las agentes comisionistas como trabajadoras independientes, lo cual facilit\u00f3 su inscripci\u00f3n al IMSS. A lo largo de los a\u00f1os, se han renovado los acuerdos para adaptarse a los cambios normativos, como el firmado en 1994 y el vigente desde 2007, que permite la incorporaci\u00f3n anual bajo condiciones espec\u00edficas.<\/p>\n<p>En 2020, Avon complet\u00f3 la adquisici\u00f3n de la empresa Natura, en una operaci\u00f3n que consolid\u00f3 al cuarto grupo de belleza m\u00e1s grande del mundo. A pesar de los retos financieros, Natura ha reafirmado su compromiso con la marca, al mantener su operaci\u00f3n en Am\u00e9rica Latina y respaldar los acuerdos laborales vigentes, como el convenio con el IMSS.<\/p>\n<p>Muestra del compromiso del Instituto con las representantes de ventas de la empresa Natura Cosm\u00e9ticos M\u00e9xico S.A. de C.V, Laura Rosa Ch\u00e1vez Salda\u00f1a, con m\u00e1s de 28 a\u00f1os de trayectoria como representante y ahora consultora, destac\u00f3 la importancia del acceso al IMSS, no solo por la atenci\u00f3n m\u00e9dica, sino por los m\u00faltiples beneficios que ha aprovechado a lo largo de los a\u00f1os, como el acceso a vivienda y la atenci\u00f3n m\u00e9dica para sus hijos.<\/p>\n<p>Por su parte, Mabel Carolina Suazo Flores, consultora de belleza de origen extranjero, expres\u00f3 su profundo agradecimiento a Natura por haberle brindado la oportunidad de acceder al Seguro Social, al destacar que, a lo largo de m\u00e1s de una d\u00e9cada, este beneficio ha sido clave para su bienestar y su futuro. \u201cHoy ya se celebra un convenio con Natura y el IMSS, y a partir de ma\u00f1ana nuevamente vamos a tener muchos m\u00e1s beneficios de lo que ten\u00edamos anteriormente\u201d.<\/p>\n<p>&nbsp;<\/p>\n<p>&nbsp;<\/p>\n","protected":false},"excerpt":{"rendered":"<p>Promueven cultura de la seguridad social M\u00e1s de mil 700 colaboradores de Natura tendr\u00e1n acceso a los cinco seguros de R\u00e9gimen Obligatorio y dem\u00e1s prestaciones &nbsp; &nbsp; El Instituto Mexicano del Seguro Social (IMSS), a trav\u00e9s de la Direcci\u00f3n de Incorporaci\u00f3n y Recaudaci\u00f3n (DIR), firm\u00f3 un Convenio de Colaboraci\u00f3n con la empresa Natura Cosm\u00e9ticos M\u00e9xico [&hellip;]<\/p>\n","protected":false},"author":14,"featured_media":678199,"comment_status":"open","ping_status":"open","sticky":false,"template":"","format":"standard","meta":{"_monsterinsights_skip_tracking":false,"_monsterinsights_sitenote_active":false,"_monsterinsights_sitenote_note":"","_monsterinsights_sitenote_category":0,"footnotes":""},"categories":[3],"tags":[],"class_list":["post-678198","post","type-post","status-publish","format-standard","has-post-thumbnail","hentry","category-nacional"],"_links":{"self":[{"href":"https:\/\/www.diarioimagen.net\/index.php?rest_route=\/wp\/v2\/posts\/678198","targetHints":{"allow":["GET"]}}],"collection":[{"href":"https:\/\/www.diarioimagen.net\/index.php?rest_route=\/wp\/v2\/posts"}],"about":[{"href":"https:\/\/www.diarioimagen.net\/index.php?rest_route=\/wp\/v2\/types\/post"}],"author":[{"embeddable":true,"href":"https:\/\/www.diarioimagen.net\/index.php?rest_route=\/wp\/v2\/users\/14"}],"replies":[{"embeddable":true,"href":"https:\/\/www.diarioimagen.net\/index.php?rest_route=%2Fwp%2Fv2%2Fcomments&post=678198"}],"version-history":[{"count":1,"href":"https:\/\/www.diarioimagen.net\/index.php?rest_route=\/wp\/v2\/posts\/678198\/revisions"}],"predecessor-version":[{"id":678200,"href":"https:\/\/www.diarioimagen.net\/index.php?rest_route=\/wp\/v2\/posts\/678198\/revisions\/678200"}],"wp:featuredmedia":[{"embeddable":true,"href":"https:\/\/www.diarioimagen.net\/index.php?rest_route=\/wp\/v2\/media\/678199"}],"wp:attachment":[{"href":"https:\/\/www.diarioimagen.net\/index.php?rest_route=%2Fwp%2Fv2%2Fmedia&parent=678198"}],"wp:term":[{"taxonomy":"category","embeddable":true,"href":"https:\/\/www.diarioimagen.net\/index.php?rest_route=%2Fwp%2Fv2%2Fcategories&post=678198"},{"taxonomy":"post_tag","embeddable":true,"href":"https:\/\/www.diarioimagen.net\/index.php?rest_route=%2Fwp%2Fv2%2Ftags&post=678198"}],"curies":[{"name":"wp","href":"https:\/\/api.w.org\/{rel}","templated":true}]}}