{"id":678360,"date":"2025-08-03T22:43:20","date_gmt":"2025-08-04T04:43:20","guid":{"rendered":"https:\/\/www.diarioimagen.net\/?p=678360"},"modified":"2025-08-03T22:43:20","modified_gmt":"2025-08-04T04:43:20","slug":"el-pozo-210-americas-en-naucalpan-opera-dentro-de-limites-establecidos-por-la-conagua","status":"publish","type":"post","link":"https:\/\/www.diarioimagen.net\/?p=678360","title":{"rendered":"\u00a0  El Pozo 210 Am\u00e9ricas, en Naucalpan, opera  dentro de l\u00edmites establecidos por la Conagua"},"content":{"rendered":"<ul>\n<li><strong>Descartan sobreexplotaci\u00f3n de acu\u00edfero<\/strong><\/li>\n<\/ul>\n<p><strong>\u00a0<\/strong><\/p>\n<div id=\"attachment_678361\" style=\"width: 415px\" class=\"wp-caption alignnone\"><img loading=\"lazy\" decoding=\"async\" aria-describedby=\"caption-attachment-678361\" class=\"wp-image-678361 size-large\" src=\"https:\/\/www.diarioimagen.net\/wp-content\/uploads\/2025\/08\/BAENA-1-ok-405x270.jpg\" alt=\"\" width=\"405\" height=\"270\" srcset=\"https:\/\/www.diarioimagen.net\/wp-content\/uploads\/2025\/08\/BAENA-1-ok-405x270.jpg 405w, https:\/\/www.diarioimagen.net\/wp-content\/uploads\/2025\/08\/BAENA-1-ok-240x160.jpg 240w, https:\/\/www.diarioimagen.net\/wp-content\/uploads\/2025\/08\/BAENA-1-ok-768x511.jpg 768w, https:\/\/www.diarioimagen.net\/wp-content\/uploads\/2025\/08\/BAENA-1-ok.jpg 1500w\" sizes=\"auto, (max-width: 405px) 100vw, 405px\" \/><p id=\"caption-attachment-678361\" class=\"wp-caption-text\">El gobierno de Naucalpan inform\u00f3 que el Pozo 210 Am\u00e9ricas opera dentro de los l\u00edmites establecidos por la Conagua y no representa una sobreexplotaci\u00f3n del acu\u00edfero.<\/p><\/div>\n<p>&nbsp;<\/p>\n<p>Naucalpan, M\u00e9x.- Ante la reducci\u00f3n en el suministro de agua proveniente del Sistema Cutzamala, el gobierno de Naucalpan informa que el Pozo 210 Am\u00e9ricas opera dentro de los l\u00edmites establecidos por la Comisi\u00f3n Nacional del Agua (Conagua) y no representa una sobreexplotaci\u00f3n del acu\u00edfero.<\/p>\n<p>&nbsp;<\/p>\n<p>Este pozo, con t\u00edtulo de asignaci\u00f3n n\u00famero 13MEX104263\/26HSGR99, tiene autorizado un volumen de extracci\u00f3n anual de 1,419,120 metros c\u00fabicos, equivalentes a un gasto m\u00e1ximo instant\u00e1neo de 45 litros por segundo. Actualmente, se encuentra equipado con una bomba sumergible con capacidad de extracci\u00f3n de hasta 35 litros por segundo, operando en promedio 18 horas al d\u00eda. Con base en estos datos, se puede afirmar con claridad que el aprovechamiento del recurso se mantiene dentro de los m\u00e1rgenes legales y t\u00e9cnicos.<\/p>\n<p>&nbsp;<\/p>\n<p>En relaci\u00f3n con el llenado de autotanques (pipas), se precisa que la tuber\u00eda instalada tiene un di\u00e1metro de 4 pulgadas, con un flujo m\u00e1ximo de 16 litros por segundo, lo que permite abastecer una pipa de 10 mil litros en aproximadamente 10 minutos. Esta operaci\u00f3n se realiza de forma controlada y sin fines de lucro. El agua entregada por este medio no se vende ni se privatiza, es distribuida de manera gratuita a quienes m\u00e1s lo necesitan.<\/p>\n<p>&nbsp;<\/p>\n<p>Es importante contextualizar que desde noviembre de 2023, la Conagua, CAEM y SACMEX anunciaron una disminuci\u00f3n en los vol\u00famenes de agua enviados al Valle de M\u00e9xico a trav\u00e9s del Sistema Cutzamala, situaci\u00f3n que se agrav\u00f3 con el anuncio del 21 de junio de 2024, donde se confirm\u00f3 una reducci\u00f3n de la producci\u00f3n del sistema a solo 6.1 m\u00b3\/s, debido a la sequ\u00eda severa en las zonas de recarga de sus presas.<\/p>\n<p>&nbsp;<\/p>\n<p>Frente a esta crisis generalizada, Naucalpan -como muchos otros municipios del Valle de M\u00e9xico- se ha visto en la necesidad de implementar medidas extraordinarias, entre ellas el uso de pipas para abastecer a escuelas, hospitales, edificios p\u00fablicos y comunidades que, por la situaci\u00f3n h\u00eddrica y las caracter\u00edsticas topogr\u00e1ficas del municipio, no reciben suministro regular por la red hidr\u00e1ulica.<\/p>\n<p>&nbsp;<\/p>\n<p>&nbsp;<\/p>\n<p>&nbsp;<\/p>\n","protected":false},"excerpt":{"rendered":"<p>Descartan sobreexplotaci\u00f3n de acu\u00edfero \u00a0 &nbsp; Naucalpan, M\u00e9x.- Ante la reducci\u00f3n en el suministro de agua proveniente del Sistema Cutzamala, el gobierno de Naucalpan informa que el Pozo 210 Am\u00e9ricas opera dentro de los l\u00edmites establecidos por la Comisi\u00f3n Nacional del Agua (Conagua) y no representa una sobreexplotaci\u00f3n del acu\u00edfero. &nbsp; Este pozo, con t\u00edtulo [&hellip;]<\/p>\n","protected":false},"author":14,"featured_media":678361,"comment_status":"open","ping_status":"open","sticky":false,"template":"","format":"standard","meta":{"_monsterinsights_skip_tracking":false,"_monsterinsights_sitenote_active":false,"_monsterinsights_sitenote_note":"","_monsterinsights_sitenote_category":0,"footnotes":""},"categories":[5],"tags":[],"class_list":["post-678360","post","type-post","status-publish","format-standard","has-post-thumbnail","hentry","category-estado-de-mexico"],"_links":{"self":[{"href":"https:\/\/www.diarioimagen.net\/index.php?rest_route=\/wp\/v2\/posts\/678360","targetHints":{"allow":["GET"]}}],"collection":[{"href":"https:\/\/www.diarioimagen.net\/index.php?rest_route=\/wp\/v2\/posts"}],"about":[{"href":"https:\/\/www.diarioimagen.net\/index.php?rest_route=\/wp\/v2\/types\/post"}],"author":[{"embeddable":true,"href":"https:\/\/www.diarioimagen.net\/index.php?rest_route=\/wp\/v2\/users\/14"}],"replies":[{"embeddable":true,"href":"https:\/\/www.diarioimagen.net\/index.php?rest_route=%2Fwp%2Fv2%2Fcomments&post=678360"}],"version-history":[{"count":1,"href":"https:\/\/www.diarioimagen.net\/index.php?rest_route=\/wp\/v2\/posts\/678360\/revisions"}],"predecessor-version":[{"id":678362,"href":"https:\/\/www.diarioimagen.net\/index.php?rest_route=\/wp\/v2\/posts\/678360\/revisions\/678362"}],"wp:featuredmedia":[{"embeddable":true,"href":"https:\/\/www.diarioimagen.net\/index.php?rest_route=\/wp\/v2\/media\/678361"}],"wp:attachment":[{"href":"https:\/\/www.diarioimagen.net\/index.php?rest_route=%2Fwp%2Fv2%2Fmedia&parent=678360"}],"wp:term":[{"taxonomy":"category","embeddable":true,"href":"https:\/\/www.diarioimagen.net\/index.php?rest_route=%2Fwp%2Fv2%2Fcategories&post=678360"},{"taxonomy":"post_tag","embeddable":true,"href":"https:\/\/www.diarioimagen.net\/index.php?rest_route=%2Fwp%2Fv2%2Ftags&post=678360"}],"curies":[{"name":"wp","href":"https:\/\/api.w.org\/{rel}","templated":true}]}}