{"id":678387,"date":"2025-08-03T22:53:30","date_gmt":"2025-08-04T04:53:30","guid":{"rendered":"https:\/\/www.diarioimagen.net\/?p=678387"},"modified":"2025-08-03T22:53:30","modified_gmt":"2025-08-04T04:53:30","slug":"denuncian-ante-la-fgj-a-esther-tapia-de-mc-por-obstruir-reparto-de-agua","status":"publish","type":"post","link":"https:\/\/www.diarioimagen.net\/?p=678387","title":{"rendered":"Denuncian ante la FGJ a Esther Tapia, de MC, por obstruir reparto de agua"},"content":{"rendered":"<div id=\"attachment_678398\" style=\"width: 387px\" class=\"wp-caption alignnone\"><img loading=\"lazy\" decoding=\"async\" aria-describedby=\"caption-attachment-678398\" class=\"wp-image-678398 size-large\" src=\"https:\/\/www.diarioimagen.net\/wp-content\/uploads\/2025\/08\/BAENA4-ok-377x270.jpg\" alt=\"\" width=\"377\" height=\"270\" srcset=\"https:\/\/www.diarioimagen.net\/wp-content\/uploads\/2025\/08\/BAENA4-ok-377x270.jpg 377w, https:\/\/www.diarioimagen.net\/wp-content\/uploads\/2025\/08\/BAENA4-ok-240x172.jpg 240w, https:\/\/www.diarioimagen.net\/wp-content\/uploads\/2025\/08\/BAENA4-ok-768x550.jpg 768w, https:\/\/www.diarioimagen.net\/wp-content\/uploads\/2025\/08\/BAENA4-ok-1536x1101.jpg 1536w, https:\/\/www.diarioimagen.net\/wp-content\/uploads\/2025\/08\/BAENA4-ok-2048x1467.jpg 2048w, https:\/\/www.diarioimagen.net\/wp-content\/uploads\/2025\/08\/BAENA4-ok-90x65.jpg 90w\" sizes=\"auto, (max-width: 377px) 100vw, 377px\" \/><p id=\"caption-attachment-678398\" class=\"wp-caption-text\">Denuncian ante la FGJ a Esther Tapia, de MC, por obstruir reparto de agua<\/p><\/div>\n<p>&nbsp;<\/p>\n<p>&nbsp;<\/p>\n<p>Naucalpan, M\u00e9x.- Esther Tapia V\u00e1zquez, coordinadora municipal del Movimiento Ciudadano (MC) ser\u00e1 denunciada ante la Fiscal\u00eda General de Justicia del Estado de M\u00e9xico por \u201csecuestrar\u201d e impedir el libre tr\u00e1nsito de las pipas de agua del OAPAS, las cuales suministran el vital l\u00edquido a comunidades con abasto deficiente. Y es que Tapia V\u00e1zquez, junto con cinco vecinos del Fraccionamiento Las Am\u00e9ricas, cerr\u00f3 con candados el Parque de la Hoja, donde se encuentra el pozo de agua que abastece a varias colonias, impidiendo que las pipas lleguen a su destino. Esta acci\u00f3n ha provocado que decenas de familias se queden sin agua. La situaci\u00f3n tambi\u00e9n ha generado malestar entre vecinos y militantes de Movimiento Ciudadano, quienes acusan a Esther Tapia de realizar acciones que afectan a la ciudadan\u00eda con tal de mantenerse en el reflector pol\u00edtico. Juan G\u00f3mez, residente del Fraccionamiento Las Am\u00e9ricas, confirm\u00f3 que las personas que impiden el libre tr\u00e1nsito de las pipas no son vecinos de la zona. \u201cLlegan y se van con la ex regidora Esther Tapia tras hacer su numerito\u201d, declar\u00f3.<\/p>\n<p>&nbsp;<\/p>\n<p>&nbsp;<\/p>\n<p>&nbsp;<\/p>\n<p>Agreg\u00f3 que los vecinos est\u00e1n enterados de que el agua que sale del pozo est\u00e1 destinada a colonias con abasto irregular, o bien, a aquellas que se quedan sin suministro por fallas en la infraestructura, y no porque alguien se la est\u00e9<\/p>\n","protected":false},"excerpt":{"rendered":"<p>&nbsp; &nbsp; Naucalpan, M\u00e9x.- Esther Tapia V\u00e1zquez, coordinadora municipal del Movimiento Ciudadano (MC) ser\u00e1 denunciada ante la Fiscal\u00eda General de Justicia del Estado de M\u00e9xico por \u201csecuestrar\u201d e impedir el libre tr\u00e1nsito de las pipas de agua del OAPAS, las cuales suministran el vital l\u00edquido a comunidades con abasto deficiente. Y es que Tapia V\u00e1zquez, [&hellip;]<\/p>\n","protected":false},"author":14,"featured_media":678398,"comment_status":"open","ping_status":"open","sticky":false,"template":"","format":"standard","meta":{"_monsterinsights_skip_tracking":false,"_monsterinsights_sitenote_active":false,"_monsterinsights_sitenote_note":"","_monsterinsights_sitenote_category":0,"footnotes":""},"categories":[5],"tags":[],"class_list":["post-678387","post","type-post","status-publish","format-standard","has-post-thumbnail","hentry","category-estado-de-mexico"],"_links":{"self":[{"href":"https:\/\/www.diarioimagen.net\/index.php?rest_route=\/wp\/v2\/posts\/678387","targetHints":{"allow":["GET"]}}],"collection":[{"href":"https:\/\/www.diarioimagen.net\/index.php?rest_route=\/wp\/v2\/posts"}],"about":[{"href":"https:\/\/www.diarioimagen.net\/index.php?rest_route=\/wp\/v2\/types\/post"}],"author":[{"embeddable":true,"href":"https:\/\/www.diarioimagen.net\/index.php?rest_route=\/wp\/v2\/users\/14"}],"replies":[{"embeddable":true,"href":"https:\/\/www.diarioimagen.net\/index.php?rest_route=%2Fwp%2Fv2%2Fcomments&post=678387"}],"version-history":[{"count":1,"href":"https:\/\/www.diarioimagen.net\/index.php?rest_route=\/wp\/v2\/posts\/678387\/revisions"}],"predecessor-version":[{"id":678402,"href":"https:\/\/www.diarioimagen.net\/index.php?rest_route=\/wp\/v2\/posts\/678387\/revisions\/678402"}],"wp:featuredmedia":[{"embeddable":true,"href":"https:\/\/www.diarioimagen.net\/index.php?rest_route=\/wp\/v2\/media\/678398"}],"wp:attachment":[{"href":"https:\/\/www.diarioimagen.net\/index.php?rest_route=%2Fwp%2Fv2%2Fmedia&parent=678387"}],"wp:term":[{"taxonomy":"category","embeddable":true,"href":"https:\/\/www.diarioimagen.net\/index.php?rest_route=%2Fwp%2Fv2%2Fcategories&post=678387"},{"taxonomy":"post_tag","embeddable":true,"href":"https:\/\/www.diarioimagen.net\/index.php?rest_route=%2Fwp%2Fv2%2Ftags&post=678387"}],"curies":[{"name":"wp","href":"https:\/\/api.w.org\/{rel}","templated":true}]}}