{"id":678417,"date":"2025-08-03T23:02:54","date_gmt":"2025-08-04T05:02:54","guid":{"rendered":"https:\/\/www.diarioimagen.net\/?p=678417"},"modified":"2025-08-03T23:02:54","modified_gmt":"2025-08-04T05:02:54","slug":"anuncian-segunda-etapa-de-inscripcion-a-educacion-basica","status":"publish","type":"post","link":"https:\/\/www.diarioimagen.net\/?p=678417","title":{"rendered":"\u00a0  Anuncian segunda etapa de inscripci\u00f3n a educaci\u00f3n b\u00e1sica"},"content":{"rendered":"<ul>\n<li><strong>Registro del 7 al 27 de agosto<\/strong><\/li>\n<\/ul>\n<p>&nbsp;<\/p>\n<p><img loading=\"lazy\" decoding=\"async\" class=\"alignnone wp-image-678418 size-large\" src=\"https:\/\/www.diarioimagen.net\/wp-content\/uploads\/2025\/08\/EDOMEX-2-ok-405x270.jpg\" alt=\"\" width=\"405\" height=\"270\" srcset=\"https:\/\/www.diarioimagen.net\/wp-content\/uploads\/2025\/08\/EDOMEX-2-ok-405x270.jpg 405w, https:\/\/www.diarioimagen.net\/wp-content\/uploads\/2025\/08\/EDOMEX-2-ok-240x160.jpg 240w, https:\/\/www.diarioimagen.net\/wp-content\/uploads\/2025\/08\/EDOMEX-2-ok-768x511.jpg 768w, https:\/\/www.diarioimagen.net\/wp-content\/uploads\/2025\/08\/EDOMEX-2-ok.jpg 1500w\" sizes=\"auto, (max-width: 405px) 100vw, 405px\" \/><\/p>\n<p>Toluca, Estado de M\u00e9xico.\u2013 El gobierno del Estado de M\u00e9xico, a trav\u00e9s de la Secretar\u00eda de Educaci\u00f3n, Ciencia, Tecnolog\u00eda e Innovaci\u00f3n (SECTI), activar\u00e1 del 7 al 27 de agosto de 2025 la segunda fase del Sistema Anticipado de Inscripci\u00f3n y Distribuci\u00f3n (SAID), dirigida a aspirantes que no realizaron su preinscripci\u00f3n o requieren cambio de escuela.<\/p>\n<p>&nbsp;<\/p>\n<p>El tr\u00e1mite, que es gratuito, se podr\u00e1 realizar en el portal edomex.gob.mx desde las 9:00 horas del 7 de agosto. El sistema permanecer\u00e1 habilitado las 24 horas durante todo el periodo.<\/p>\n<p>&nbsp;<\/p>\n<p>Esta etapa est\u00e1 enfocada a quienes deseen ingresar a primero, segundo o tercer grado de preescolar; primero de primaria o primero de secundaria, y no cuenten con folio del SAID. Tambi\u00e9n aplica para cambios de escuela en grados intermedios, migraci\u00f3n de planteles particulares a p\u00fablicos o ingreso de estudiantes provenientes de otras entidades.<\/p>\n<p>&nbsp;<\/p>\n<p>Para completar el registro se requiere la CURP del aspirante, Clave del Centro de Trabajo (CCT) y nombre de la escuela deseada, as\u00ed como datos de contacto del padre, madre o tutor.<\/p>\n<p>&nbsp;<\/p>\n<p>Las dudas ser\u00e1n atendidas en el Centro de Atenci\u00f3n Telef\u00f3nica del Gobierno del Estado de M\u00e9xico (CATGEM) al 800 696 96 96, as\u00ed como en correos electr\u00f3nicos seg\u00fan el nivel y subsistema educativo correspondiente.<\/p>\n<p>&nbsp;<\/p>\n<p>&nbsp;<\/p>\n<p>&nbsp;<\/p>\n<p>&nbsp;<\/p>\n","protected":false},"excerpt":{"rendered":"<p>Registro del 7 al 27 de agosto &nbsp; Toluca, Estado de M\u00e9xico.\u2013 El gobierno del Estado de M\u00e9xico, a trav\u00e9s de la Secretar\u00eda de Educaci\u00f3n, Ciencia, Tecnolog\u00eda e Innovaci\u00f3n (SECTI), activar\u00e1 del 7 al 27 de agosto de 2025 la segunda fase del Sistema Anticipado de Inscripci\u00f3n y Distribuci\u00f3n (SAID), dirigida a aspirantes que no [&hellip;]<\/p>\n","protected":false},"author":14,"featured_media":678418,"comment_status":"open","ping_status":"open","sticky":false,"template":"","format":"standard","meta":{"_monsterinsights_skip_tracking":false,"_monsterinsights_sitenote_active":false,"_monsterinsights_sitenote_note":"","_monsterinsights_sitenote_category":0,"footnotes":""},"categories":[5],"tags":[],"class_list":["post-678417","post","type-post","status-publish","format-standard","has-post-thumbnail","hentry","category-estado-de-mexico"],"_links":{"self":[{"href":"https:\/\/www.diarioimagen.net\/index.php?rest_route=\/wp\/v2\/posts\/678417","targetHints":{"allow":["GET"]}}],"collection":[{"href":"https:\/\/www.diarioimagen.net\/index.php?rest_route=\/wp\/v2\/posts"}],"about":[{"href":"https:\/\/www.diarioimagen.net\/index.php?rest_route=\/wp\/v2\/types\/post"}],"author":[{"embeddable":true,"href":"https:\/\/www.diarioimagen.net\/index.php?rest_route=\/wp\/v2\/users\/14"}],"replies":[{"embeddable":true,"href":"https:\/\/www.diarioimagen.net\/index.php?rest_route=%2Fwp%2Fv2%2Fcomments&post=678417"}],"version-history":[{"count":1,"href":"https:\/\/www.diarioimagen.net\/index.php?rest_route=\/wp\/v2\/posts\/678417\/revisions"}],"predecessor-version":[{"id":678419,"href":"https:\/\/www.diarioimagen.net\/index.php?rest_route=\/wp\/v2\/posts\/678417\/revisions\/678419"}],"wp:featuredmedia":[{"embeddable":true,"href":"https:\/\/www.diarioimagen.net\/index.php?rest_route=\/wp\/v2\/media\/678418"}],"wp:attachment":[{"href":"https:\/\/www.diarioimagen.net\/index.php?rest_route=%2Fwp%2Fv2%2Fmedia&parent=678417"}],"wp:term":[{"taxonomy":"category","embeddable":true,"href":"https:\/\/www.diarioimagen.net\/index.php?rest_route=%2Fwp%2Fv2%2Fcategories&post=678417"},{"taxonomy":"post_tag","embeddable":true,"href":"https:\/\/www.diarioimagen.net\/index.php?rest_route=%2Fwp%2Fv2%2Ftags&post=678417"}],"curies":[{"name":"wp","href":"https:\/\/api.w.org\/{rel}","templated":true}]}}