{"id":678563,"date":"2025-08-04T20:11:36","date_gmt":"2025-08-05T02:11:36","guid":{"rendered":"https:\/\/www.diarioimagen.net\/?p=678563"},"modified":"2025-08-04T20:11:36","modified_gmt":"2025-08-05T02:11:36","slug":"disfrutan-infantes-del-parque-acuatico-en-el-deportivo-caracoles-en-tlalnepantla","status":"publish","type":"post","link":"https:\/\/www.diarioimagen.net\/?p=678563","title":{"rendered":"\u00a0  Disfrutan infantes del parque acu\u00e1tico en el Deportivo Caracoles, en Tlalnepantla"},"content":{"rendered":"<p><img loading=\"lazy\" decoding=\"async\" class=\"alignnone wp-image-678564 size-large\" src=\"https:\/\/www.diarioimagen.net\/wp-content\/uploads\/2025\/08\/BAENA-4-ok-460x232.jpg\" alt=\"\" width=\"460\" height=\"232\" srcset=\"https:\/\/www.diarioimagen.net\/wp-content\/uploads\/2025\/08\/BAENA-4-ok-460x232.jpg 460w, https:\/\/www.diarioimagen.net\/wp-content\/uploads\/2025\/08\/BAENA-4-ok-240x121.jpg 240w, https:\/\/www.diarioimagen.net\/wp-content\/uploads\/2025\/08\/BAENA-4-ok-768x388.jpg 768w, https:\/\/www.diarioimagen.net\/wp-content\/uploads\/2025\/08\/BAENA-4-ok.jpg 1500w\" sizes=\"auto, (max-width: 460px) 100vw, 460px\" \/><\/p>\n<p>Tlalnepantla, M\u00e9x.- Ni\u00f1as y ni\u00f1os se divirtieron a lo grande durante la inauguraci\u00f3n de la rehabilitaci\u00f3n del parque acu\u00e1tico en el Deportivo Caracoles, as\u00ed como la puesta en funcionamiento de la ludoteca que cuenta con mesa de ping pong y juegos de mesa para toda la familia. Este deportivo se ubica en la colonia Constituci\u00f3n de 1917, ah\u00ed el presidente municipal Raciel P\u00e9rez Cruz, afirm\u00f3 que este espacio comienza a transformarse de manera gradual y ser\u00e1 antes de que termine el a\u00f1o, que todas las \u00e1reas est\u00e9n completamente rehabilitadas. Anunci\u00f3 que en los pr\u00f3ximos meses iniciar\u00e1 la construcci\u00f3n de una alberca techada semiol\u00edmpica que estar\u00e1 a disposici\u00f3n de las y los vecinos, \u201cesto lo hacemos porque tenemos la determinaci\u00f3n de avanzar para generar mejores condiciones, para que aqu\u00ed en Tlalnepantla Oriente, la ciudadan\u00eda tenga una buena calidad de vida\u201d.<\/p>\n<p>&nbsp;<\/p>\n<p>&nbsp;<\/p>\n<p>&nbsp;<\/p>\n<p>&nbsp;<\/p>\n<p>P\u00e9rez Cruz felicit\u00f3 a los peque\u00f1os futbolistas del equipo Arsenal por ganar el \u201cMundialito 2025\u201d y asegur\u00f3 que de este deportivo saldr\u00e1n m\u00e1s jugadores de primera divisi\u00f3n como Edson \u00c1lvarez, capit\u00e1n de la selecci\u00f3n mexicana.<\/p>\n<p>&nbsp;<\/p>\n<p>Por su parte, el titular de la Direcci\u00f3n de Transformaci\u00f3n Urbana Roberto Olvera \u00c1ngeles, detall\u00f3 que los trabajos en el parque acu\u00e1tico consistieron en la rehabilitaci\u00f3n de bombas y motores, juegos infantiles nuevos, ejercitadores, construcci\u00f3n de palapas y la ludoteca.<\/p>\n<p>&nbsp;<\/p>\n<p><strong>\u00a0<\/strong><\/p>\n","protected":false},"excerpt":{"rendered":"<p>Tlalnepantla, M\u00e9x.- Ni\u00f1as y ni\u00f1os se divirtieron a lo grande durante la inauguraci\u00f3n de la rehabilitaci\u00f3n del parque acu\u00e1tico en el Deportivo Caracoles, as\u00ed como la puesta en funcionamiento de la ludoteca que cuenta con mesa de ping pong y juegos de mesa para toda la familia. Este deportivo se ubica en la colonia Constituci\u00f3n [&hellip;]<\/p>\n","protected":false},"author":14,"featured_media":678564,"comment_status":"open","ping_status":"open","sticky":false,"template":"","format":"standard","meta":{"_monsterinsights_skip_tracking":false,"_monsterinsights_sitenote_active":false,"_monsterinsights_sitenote_note":"","_monsterinsights_sitenote_category":0,"footnotes":""},"categories":[5],"tags":[],"class_list":["post-678563","post","type-post","status-publish","format-standard","has-post-thumbnail","hentry","category-estado-de-mexico"],"_links":{"self":[{"href":"https:\/\/www.diarioimagen.net\/index.php?rest_route=\/wp\/v2\/posts\/678563","targetHints":{"allow":["GET"]}}],"collection":[{"href":"https:\/\/www.diarioimagen.net\/index.php?rest_route=\/wp\/v2\/posts"}],"about":[{"href":"https:\/\/www.diarioimagen.net\/index.php?rest_route=\/wp\/v2\/types\/post"}],"author":[{"embeddable":true,"href":"https:\/\/www.diarioimagen.net\/index.php?rest_route=\/wp\/v2\/users\/14"}],"replies":[{"embeddable":true,"href":"https:\/\/www.diarioimagen.net\/index.php?rest_route=%2Fwp%2Fv2%2Fcomments&post=678563"}],"version-history":[{"count":1,"href":"https:\/\/www.diarioimagen.net\/index.php?rest_route=\/wp\/v2\/posts\/678563\/revisions"}],"predecessor-version":[{"id":678565,"href":"https:\/\/www.diarioimagen.net\/index.php?rest_route=\/wp\/v2\/posts\/678563\/revisions\/678565"}],"wp:featuredmedia":[{"embeddable":true,"href":"https:\/\/www.diarioimagen.net\/index.php?rest_route=\/wp\/v2\/media\/678564"}],"wp:attachment":[{"href":"https:\/\/www.diarioimagen.net\/index.php?rest_route=%2Fwp%2Fv2%2Fmedia&parent=678563"}],"wp:term":[{"taxonomy":"category","embeddable":true,"href":"https:\/\/www.diarioimagen.net\/index.php?rest_route=%2Fwp%2Fv2%2Fcategories&post=678563"},{"taxonomy":"post_tag","embeddable":true,"href":"https:\/\/www.diarioimagen.net\/index.php?rest_route=%2Fwp%2Fv2%2Ftags&post=678563"}],"curies":[{"name":"wp","href":"https:\/\/api.w.org\/{rel}","templated":true}]}}