{"id":678583,"date":"2025-08-04T20:29:47","date_gmt":"2025-08-05T02:29:47","guid":{"rendered":"https:\/\/www.diarioimagen.net\/?p=678583"},"modified":"2025-08-04T20:29:47","modified_gmt":"2025-08-05T02:29:47","slug":"edomex-refuerza-educacion-inicial-a-traves-de-estancias-y-jardines-de-ninos-del-difem","status":"publish","type":"post","link":"https:\/\/www.diarioimagen.net\/?p=678583","title":{"rendered":"\u00a0  Edomex refuerza educaci\u00f3n inicial a trav\u00e9s  de estancias y jardines de ni\u00f1os del DIFEM"},"content":{"rendered":"<ul>\n<li><strong>Opera diez centros de este tipo en el Valle de Toluca<\/strong><\/li>\n<li><strong>Ofrece servicio educativo y asistencial a infantes de hasta cinco a\u00f1os, con atenci\u00f3n integral <\/strong><\/li>\n<\/ul>\n<div id=\"attachment_678584\" style=\"width: 416px\" class=\"wp-caption alignnone\"><img loading=\"lazy\" decoding=\"async\" aria-describedby=\"caption-attachment-678584\" class=\"wp-image-678584 size-large\" src=\"https:\/\/www.diarioimagen.net\/wp-content\/uploads\/2025\/08\/EDOMEX-1-ok-1-406x270.jpg\" alt=\"\" width=\"406\" height=\"270\" srcset=\"https:\/\/www.diarioimagen.net\/wp-content\/uploads\/2025\/08\/EDOMEX-1-ok-1-406x270.jpg 406w, https:\/\/www.diarioimagen.net\/wp-content\/uploads\/2025\/08\/EDOMEX-1-ok-1-240x160.jpg 240w, https:\/\/www.diarioimagen.net\/wp-content\/uploads\/2025\/08\/EDOMEX-1-ok-1-768x510.jpg 768w, https:\/\/www.diarioimagen.net\/wp-content\/uploads\/2025\/08\/EDOMEX-1-ok-1.jpg 1500w\" sizes=\"auto, (max-width: 406px) 100vw, 406px\" \/><p id=\"caption-attachment-678584\" class=\"wp-caption-text\">El gobierno de Delfina G\u00f3mez impulsa a trav\u00e9s del DIFEM la operaci\u00f3n de 10 centros educativos que brindan atenci\u00f3n integral a ni\u00f1as y ni\u00f1os, favoreciendo su desarrollo f\u00edsico, cognitivo, social y emocional.<\/p><\/div>\n<p>&nbsp;<\/p>\n<p>Toluca, Estado de M\u00e9xico.- Con el firme compromiso de fortalecer la educaci\u00f3n durante los primeros a\u00f1os de vida, la maestra Delfina G\u00f3mez \u00c1lvarez, Gobernadora del Estado de M\u00e9xico, impulsa a trav\u00e9s del Sistema para el Desarrollo Integral de la Familia del Estado de M\u00e9xico (DIFEM) la operaci\u00f3n de 10 centros educativos que brindan atenci\u00f3n integral a ni\u00f1as y ni\u00f1os, favoreciendo su desarrollo f\u00edsico, cognitivo, social y emocional.<\/p>\n<p>&nbsp;<\/p>\n<p>El DIFEM, encabezado por Karina Labastida Sotelo, y mediante el programa Atenci\u00f3n Social y Educativa de Madres y Padres Trabajadores, dispone de cinco estancias infantiles y cinco jardines de ni\u00f1os en el Valle de Toluca, donde se ofrecen servicios educativos, asistenciales, psicol\u00f3gicos, nutricionales, m\u00e9dicos, odontol\u00f3gicos y de trabajo social.<\/p>\n<p>&nbsp;<\/p>\n<p>Las estancias infantiles atienden a ni\u00f1as y ni\u00f1os desde los tres meses hasta los dos a\u00f1os 11 meses de edad, mientras que los jardines de ni\u00f1os reciben a infantes de tres a cinco a\u00f1os 11 meses, cumplidos al 31 de diciembre del a\u00f1o en curso.<\/p>\n<p>&nbsp;<\/p>\n<p>Los beneficiarios son hijos de madres, padres y estudiantes en situaci\u00f3n vulnerable que trabajan fuera del hogar y residen en el Estado de M\u00e9xico.<\/p>\n<p>&nbsp;<\/p>\n<p>Requisitos de ingreso ciclo escolar 2025-2026<\/p>\n<p>&nbsp;<\/p>\n<ul>\n<li>Acta de nacimiento original y copia con c\u00f3digo QR.<\/li>\n<\/ul>\n<p>&nbsp;<\/p>\n<ul>\n<li>Credencial INE del padre, madre o tutor legal (en este caso, documento oficial emitido por autoridad competente).<\/li>\n<\/ul>\n<p>&nbsp;<\/p>\n<ul>\n<li>CURP del beneficiario y del padre, madre o tutor.<\/li>\n<\/ul>\n<p>&nbsp;<\/p>\n<ul>\n<li>Comprobante de domicilio.<\/li>\n<\/ul>\n<p>&nbsp;<\/p>\n<ul>\n<li>Constancia laboral y tal\u00f3n de cheque o recibo de percepciones.<\/li>\n<\/ul>\n<p>&nbsp;<\/p>\n<ul>\n<li>6 fotograf\u00edas tama\u00f1o infantil del beneficiario.<\/li>\n<\/ul>\n<p>&nbsp;<\/p>\n<ul>\n<li>2 fotograf\u00edas tama\u00f1o infantil de madre, padre o tutor, as\u00ed como de las personas autorizadas para el retiro del menor.<\/li>\n<\/ul>\n<p>&nbsp;<\/p>\n<p>Requisitos adicionales:<\/p>\n<p>&nbsp;<\/p>\n<ul>\n<li>Padres que estudian: Constancia de estudios vigente, en hoja membretada y sellada, firmada por el responsable del plantel, adem\u00e1s de constancia laboral de quien solvente los gastos familiares.<\/li>\n<\/ul>\n<p>&nbsp;<\/p>\n<ul>\n<li>Madre o padre soltero: Constancia de estado civil, acta informativa de dependencia econ\u00f3mica y, en su caso, sentencia de convivencia familiar o guarda y custodia.<\/li>\n<\/ul>\n<p>&nbsp;<\/p>\n<p>Informes y contacto: Subdirecci\u00f3n de Administraci\u00f3n de Centros Educativos del DIFEM Domicilio: Nicol\u00e1s Bravo Norte n\u00fam. 404, Col. Santa B\u00e1rbara, Toluca, M\u00e9xico. Tel\u00e9fonos: 722 215 08 67 y 722 214 31 50.<\/p>\n<p>&nbsp;<\/p>\n<p>&nbsp;<\/p>\n","protected":false},"excerpt":{"rendered":"<p>Opera diez centros de este tipo en el Valle de Toluca Ofrece servicio educativo y asistencial a infantes de hasta cinco a\u00f1os, con atenci\u00f3n integral &nbsp; Toluca, Estado de M\u00e9xico.- Con el firme compromiso de fortalecer la educaci\u00f3n durante los primeros a\u00f1os de vida, la maestra Delfina G\u00f3mez \u00c1lvarez, Gobernadora del Estado de M\u00e9xico, impulsa [&hellip;]<\/p>\n","protected":false},"author":14,"featured_media":678584,"comment_status":"open","ping_status":"open","sticky":false,"template":"","format":"standard","meta":{"_monsterinsights_skip_tracking":false,"_monsterinsights_sitenote_active":false,"_monsterinsights_sitenote_note":"","_monsterinsights_sitenote_category":0,"footnotes":""},"categories":[5],"tags":[],"class_list":["post-678583","post","type-post","status-publish","format-standard","has-post-thumbnail","hentry","category-estado-de-mexico"],"_links":{"self":[{"href":"https:\/\/www.diarioimagen.net\/index.php?rest_route=\/wp\/v2\/posts\/678583","targetHints":{"allow":["GET"]}}],"collection":[{"href":"https:\/\/www.diarioimagen.net\/index.php?rest_route=\/wp\/v2\/posts"}],"about":[{"href":"https:\/\/www.diarioimagen.net\/index.php?rest_route=\/wp\/v2\/types\/post"}],"author":[{"embeddable":true,"href":"https:\/\/www.diarioimagen.net\/index.php?rest_route=\/wp\/v2\/users\/14"}],"replies":[{"embeddable":true,"href":"https:\/\/www.diarioimagen.net\/index.php?rest_route=%2Fwp%2Fv2%2Fcomments&post=678583"}],"version-history":[{"count":1,"href":"https:\/\/www.diarioimagen.net\/index.php?rest_route=\/wp\/v2\/posts\/678583\/revisions"}],"predecessor-version":[{"id":678585,"href":"https:\/\/www.diarioimagen.net\/index.php?rest_route=\/wp\/v2\/posts\/678583\/revisions\/678585"}],"wp:featuredmedia":[{"embeddable":true,"href":"https:\/\/www.diarioimagen.net\/index.php?rest_route=\/wp\/v2\/media\/678584"}],"wp:attachment":[{"href":"https:\/\/www.diarioimagen.net\/index.php?rest_route=%2Fwp%2Fv2%2Fmedia&parent=678583"}],"wp:term":[{"taxonomy":"category","embeddable":true,"href":"https:\/\/www.diarioimagen.net\/index.php?rest_route=%2Fwp%2Fv2%2Fcategories&post=678583"},{"taxonomy":"post_tag","embeddable":true,"href":"https:\/\/www.diarioimagen.net\/index.php?rest_route=%2Fwp%2Fv2%2Ftags&post=678583"}],"curies":[{"name":"wp","href":"https:\/\/api.w.org\/{rel}","templated":true}]}}